{"id":5359,"date":"2025-06-23T09:00:57","date_gmt":"2025-06-23T08:00:57","guid":{"rendered":"http:\/\/www.sportingcanal.com\/?p=5359"},"modified":"2025-06-23T10:41:52","modified_gmt":"2025-06-23T09:41:52","slug":"2002-2%c2%aa-supertaca-para-o-andebol-frente-ao-fc-porto","status":"publish","type":"post","link":"https:\/\/www.sportingcanal.com\/?p=5359","title":{"rendered":"2002 \u2013 2\u00aa Superta\u00e7a para o Andebol, frente ao FC Porto"},"content":{"rendered":"<p>23 de Junho de 2002. Depois de n\u00e3o conseguir cumprir os objetivos de triunfar no Campeonato e na Ta\u00e7a, o Sporting conquistou a Superta\u00e7a de Andebol (que, ao contr\u00e1rio do habitual, se disputou em final de temporada e n\u00e3o no in\u00edcio da temporada seguinte) ao bater o FC Porto por 18-16.<\/p>\n<p>A partida disputou-se no pavilh\u00e3o de Lagoa, e foi a 2\u00aa vez que o Sporting venceu este trof\u00e9u. O duelo teve mais emo\u00e7\u00e3o que qualidade num pavilh\u00e3o com alta temperatura. O Sporting come\u00e7ou bem o jogo e assim se manteve a todo o tempo.<\/p>\n<p>Ao intervalo o resultado estava em 10-8. Miguel Fernandes (um refor\u00e7o desta \u00e9poca, recrutado ao Belenenses) esteve em grande plano na baliza. Para ele: \u201cN\u00e3o salv\u00e1mos a \u00e9poca pois n\u00e3o alcan\u00e7\u00e1mos os objetivos, mas esta vit\u00f3ria \u00e9 muito valorizada por ter sido obtida frente aos campe\u00f5es nacionais\u201d.<\/p>\n<p>Alinharam na equipa comandada por Jos\u00e9 Tomaz: Miguel Fernandes; Fernando Nunes (2), Rui Silva (2), Jos\u00e9 Vieira, Lu\u00eds Gomes (4), Milan Stohr (4), Ricardo Dias (3), Armando Pires, David Gra\u00e7a (3), Jo\u00e3o Lopes, V\u00edtor Tapadinhas, Hugo Canela e Ricardo Correia.<\/p>\n<p>Na foto, Lu\u00eds Gomes, uma das principais figuras da equipa verde e branca.<\/p>\n<div class=\"tweetthis\" style=\"text-align:left;\"><p> <a target=\"_blank\" rel=\"nofollow\" class=\"tt\" href=\"http:\/\/twitter.com\/home\/?status=2002+%E2%80%93+2%C2%AA+Superta%C3%A7a+para+o+Andebol%2C+frente+ao+FC+Porto+https%3A%2F%2Fis.gd%2Fttl9qF\" title=\"Post to Twitter\"><img decoding=\"async\" class=\"nothumb\" src=\"http:\/\/www.sportingcanal.com\/wp-content\/plugins\/tweet-this\/icons\/en\/twitter\/tt-twitter6.png\" alt=\"Post to Twitter\" \/><\/a><\/p><\/div>","protected":false},"excerpt":{"rendered":"<p>23 de Junho de 2002. Depois de n\u00e3o conseguir cumprir os objetivos de triunfar no Campeonato e na Ta\u00e7a, o Sporting conquistou a Superta\u00e7a de Andebol (que, ao contr\u00e1rio do habitual, se disputou em final de temporada e n\u00e3o no in\u00edcio da temporada seguinte) ao bater o FC Porto por 18-16. A partida disputou-se no [&hellip;]<\/p>\n","protected":false},"author":1,"featured_media":38126,"comment_status":"open","ping_status":"open","sticky":false,"template":"","format":"standard","meta":{"_et_pb_use_builder":"","_et_pb_old_content":"","_et_gb_content_width":"","footnotes":""},"categories":[17],"tags":[19,18,68],"_links":{"self":[{"href":"https:\/\/www.sportingcanal.com\/index.php?rest_route=\/wp\/v2\/posts\/5359"}],"collection":[{"href":"https:\/\/www.sportingcanal.com\/index.php?rest_route=\/wp\/v2\/posts"}],"about":[{"href":"https:\/\/www.sportingcanal.com\/index.php?rest_route=\/wp\/v2\/types\/post"}],"author":[{"embeddable":true,"href":"https:\/\/www.sportingcanal.com\/index.php?rest_route=\/wp\/v2\/users\/1"}],"replies":[{"embeddable":true,"href":"https:\/\/www.sportingcanal.com\/index.php?rest_route=%2Fwp%2Fv2%2Fcomments&post=5359"}],"version-history":[{"count":20,"href":"https:\/\/www.sportingcanal.com\/index.php?rest_route=\/wp\/v2\/posts\/5359\/revisions"}],"predecessor-version":[{"id":38127,"href":"https:\/\/www.sportingcanal.com\/index.php?rest_route=\/wp\/v2\/posts\/5359\/revisions\/38127"}],"wp:featuredmedia":[{"embeddable":true,"href":"https:\/\/www.sportingcanal.com\/index.php?rest_route=\/wp\/v2\/media\/38126"}],"wp:attachment":[{"href":"https:\/\/www.sportingcanal.com\/index.php?rest_route=%2Fwp%2Fv2%2Fmedia&parent=5359"}],"wp:term":[{"taxonomy":"category","embeddable":true,"href":"https:\/\/www.sportingcanal.com\/index.php?rest_route=%2Fwp%2Fv2%2Fcategories&post=5359"},{"taxonomy":"post_tag","embeddable":true,"href":"https:\/\/www.sportingcanal.com\/index.php?rest_route=%2Fwp%2Fv2%2Ftags&post=5359"}],"curies":[{"name":"wp","href":"https:\/\/api.w.org\/{rel}","templated":true}]}}