{"id":5443,"date":"2025-06-24T10:40:40","date_gmt":"2025-06-24T09:40:40","guid":{"rendered":"http:\/\/www.sportingcanal.com\/?p=5443"},"modified":"2025-06-24T18:15:45","modified_gmt":"2025-06-24T17:15:45","slug":"amado-de-freitas","status":"publish","type":"post","link":"https:\/\/www.sportingcanal.com\/?p=5443","title":{"rendered":"Amado de Freitas"},"content":{"rendered":"<p>Jo\u00e3o Amado de Freitas nasceu a 24 de Junho de 1929 em Aveiro. Admitido como s\u00f3cio do Sporting em Maio de 1955, foi economista e vice-presidente leonino para a \u00e1rea financeira entre 1973 e 1979 (com o presidente Jo\u00e3o Rocha). Fez tamb\u00e9m parte do Conselho Leonino entre 1969 e 1988. Entre 1981 e 1984 foi presidente do Grupo Stromp, pelo qual f\u00f4ra galardoado em 1978 na categoria \u201cDirigente\u201d.<\/p>\n<p>Em 1985 voltou \u00e0 Dire\u00e7\u00e3o do Sporting, como vice-presidente para o Futebol, e a 26 de Setembro de 1986 assumiu a presid\u00eancia substituindo Jo\u00e3o Rocha, que decidiu abandonar o clube por quest\u00f5es de sa\u00fade.\u00a0Manteve-se no cargo at\u00e9 Junho de 1988, n\u00e3o disputando sequer a elei\u00e7\u00e3o que levou Jorge Gon\u00e7alves para a presid\u00eancia do clube.<\/p>\n<p>No seu curto \u201creinado\u201d debateu-se sempre com in\u00fameros problemas de tesouraria. As suas m\u00e1ximas eram \u201dEstabilidade, trabalho, m\u00e9todo e dedica\u00e7\u00e3o\u201d.\u00a0A 3 de Outubro de 1986, sentou-se \u00e0 mesa com Pinto da Costa (presidente do FC Porto), durante o dia do sorteio das competi\u00e7\u00f5es europeias, que decorreu na Su\u00ed\u00e7a. O presidente do Sporting jantou com o hom\u00f3logo portista numa altura em que estavam cortadas as rela\u00e7\u00f5es entre os 2 emblemas. Esse ato do l\u00edder leonino foi visto como o 1\u00ba passo para a normaliza\u00e7\u00e3o de rela\u00e7\u00f5es entre os clubes.<\/p>\n<p>Com ele o Futebol leonino n\u00e3o conseguiu grandes cometimentos, com exce\u00e7\u00e3o da conquista da Superta\u00e7a (frente ao Benfica). Tamb\u00e9m perante os encarnados teve uma das melhores tardes da sua vig\u00eancia no famoso jogo dos 7-1. Foram tempos de grande instabilidade, nos quais o presidente despediu t\u00e9cnicos como Manuel Jos\u00e9 e Keith Burkinshaw (que contratara) e foi buscar Ant\u00f3nio Morais. No que diz respeito a jogadores, Amado de Freitas foi conivente com a (surpreendente e absurda) dispensa de Manuel Fernandes, tendo contratado, entre outros, Paulinho Cascavel.<\/p>\n<p>Quanto \u00e0s modalidades, algumas conquistas se conseguiu por essa altura \u2013 no Andebol, Atletismo, H\u00f3quei em Patins e T\u00e9nis de Mesa, para referir s\u00f3 as mais medi\u00e1ticas.<\/p>\n<p>Depois de sair da presid\u00eancia ainda fez parte do Conselho Consultivo, em 1991 e foi membro do Conselho Leonino (como j\u00e1 referimos) at\u00e9 ao dia da sua morte, a 6 de Junho de 2001, numa altura em que era o associado n\u00ba 1.877. Nele prevaleceu sempre a imagem dum homem que procurava consensos, bem intencionado, e que, como todos os outros, cometeu erros, nunca deixando, no entanto, qualquer d\u00favida no que diz respeito ao seu m\u00e1ximo empenho em defender o Sporting Clube de Portugal.<\/p>\n<div class=\"tweetthis\" style=\"text-align:left;\"><p> <a target=\"_blank\" rel=\"nofollow\" class=\"tt\" href=\"http:\/\/twitter.com\/home\/?status=Amado+de+Freitas+https%3A%2F%2Fis.gd%2FHuGOAD\" title=\"Post to Twitter\"><img decoding=\"async\" class=\"nothumb\" src=\"http:\/\/www.sportingcanal.com\/wp-content\/plugins\/tweet-this\/icons\/en\/twitter\/tt-twitter6.png\" alt=\"Post to Twitter\" \/><\/a><\/p><\/div>","protected":false},"excerpt":{"rendered":"<p>Jo\u00e3o Amado de Freitas nasceu a 24 de Junho de 1929 em Aveiro. Admitido como s\u00f3cio do Sporting em Maio de 1955, foi economista e vice-presidente leonino para a \u00e1rea financeira entre 1973 e 1979 (com o presidente Jo\u00e3o Rocha). Fez tamb\u00e9m parte do Conselho Leonino entre 1969 e 1988. Entre 1981 e 1984 foi [&hellip;]<\/p>\n","protected":false},"author":1,"featured_media":38081,"comment_status":"open","ping_status":"open","sticky":false,"template":"","format":"standard","meta":{"_et_pb_use_builder":"","_et_pb_old_content":"","_et_gb_content_width":"","footnotes":""},"categories":[13],"tags":[56,34],"_links":{"self":[{"href":"https:\/\/www.sportingcanal.com\/index.php?rest_route=\/wp\/v2\/posts\/5443"}],"collection":[{"href":"https:\/\/www.sportingcanal.com\/index.php?rest_route=\/wp\/v2\/posts"}],"about":[{"href":"https:\/\/www.sportingcanal.com\/index.php?rest_route=\/wp\/v2\/types\/post"}],"author":[{"embeddable":true,"href":"https:\/\/www.sportingcanal.com\/index.php?rest_route=\/wp\/v2\/users\/1"}],"replies":[{"embeddable":true,"href":"https:\/\/www.sportingcanal.com\/index.php?rest_route=%2Fwp%2Fv2%2Fcomments&post=5443"}],"version-history":[{"count":19,"href":"https:\/\/www.sportingcanal.com\/index.php?rest_route=\/wp\/v2\/posts\/5443\/revisions"}],"predecessor-version":[{"id":38082,"href":"https:\/\/www.sportingcanal.com\/index.php?rest_route=\/wp\/v2\/posts\/5443\/revisions\/38082"}],"wp:featuredmedia":[{"embeddable":true,"href":"https:\/\/www.sportingcanal.com\/index.php?rest_route=\/wp\/v2\/media\/38081"}],"wp:attachment":[{"href":"https:\/\/www.sportingcanal.com\/index.php?rest_route=%2Fwp%2Fv2%2Fmedia&parent=5443"}],"wp:term":[{"taxonomy":"category","embeddable":true,"href":"https:\/\/www.sportingcanal.com\/index.php?rest_route=%2Fwp%2Fv2%2Fcategories&post=5443"},{"taxonomy":"post_tag","embeddable":true,"href":"https:\/\/www.sportingcanal.com\/index.php?rest_route=%2Fwp%2Fv2%2Ftags&post=5443"}],"curies":[{"name":"wp","href":"https:\/\/api.w.org\/{rel}","templated":true}]}}