{"id":5495,"date":"2025-06-27T11:30:36","date_gmt":"2025-06-27T10:30:36","guid":{"rendered":"http:\/\/www.sportingcanal.com\/?p=5495"},"modified":"2025-06-27T10:15:03","modified_gmt":"2025-06-27T09:15:03","slug":"1999-triunfo-na-taca-de-portugal-de-tenis-de-mesa-fechou-temporada-fantastica","status":"publish","type":"post","link":"https:\/\/www.sportingcanal.com\/?p=5495","title":{"rendered":"1999 \u2013 Triunfo na Ta\u00e7a de Portugal de T\u00e9nis de Mesa fechou temporada fant\u00e1stica"},"content":{"rendered":"<p>27 de Junho de 1999.\u00a0Na decis\u00e3o da Ta\u00e7a de Portugal de T\u00e9nis de Mesa disputada na Azambuja, vit\u00f3ria da equipa do Sporting (a 23\u00aa), com Vladimir Marinkevich, Rog\u00e9rio Alfar e Pedro Miguel (Tiago Rocha n\u00e3o jogou) sobre o Estrela da Amadora por 3-2. O pavilh\u00e3o local teve casa cheia e o triunfo foi dif\u00edcil, sendo consumado ap\u00f3s 3 horas de jogos &#8211; com Rog\u00e9rio Alfar a p\u00f4r um ponto final na discuss\u00e3o.<\/p>\n<p>No final o capit\u00e3o Pedro Miguel estava felic\u00edssimo: \u201cEsta ta\u00e7a \u00e9 t\u00e3o bonita! Todos n\u00f3s demos o melhor e contribu\u00edmos para mais esta importante vit\u00f3ria. Somos sportinguistas e estamos ao servi\u00e7o deste grande clube com grande uni\u00e3o e abnega\u00e7\u00e3o. A cada ano que passa as vit\u00f3rias s\u00e3o mais dif\u00edceis mas apesar de tudo esta foi a melhor \u00e9poca de sempre e isso \u00e9 muito relevante. Fomos campe\u00f5es nacionais, vencemos a Ta\u00e7a de Portugal e pela 1\u00aa vez uma equipa portuguesa foi aos quartos-de-final da Ta\u00e7a dos Campe\u00f5es Europeus. Foi preciso muito suor e um grande amor \u00e0 camisola para uma \u00e9poca como esta\u201d.<\/p>\n<p>Na foto, um dos muitos momentos de alegria ao longo da temporada leonina.<\/p>\n<div class=\"tweetthis\" style=\"text-align:left;\"><p> <a target=\"_blank\" rel=\"nofollow\" class=\"tt\" href=\"http:\/\/twitter.com\/home\/?status=1999+%E2%80%93+Triunfo+na+Ta%C3%A7a+de+Portugal+de+T%C3%A9nis+de+Mesa+fechou+temporada+fant%C3%A1stica+https%3A%2F%2Fis.gd%2FV1b1gp\" title=\"Post to Twitter\"><img decoding=\"async\" class=\"nothumb\" src=\"http:\/\/www.sportingcanal.com\/wp-content\/plugins\/tweet-this\/icons\/en\/twitter\/tt-twitter6.png\" alt=\"Post to Twitter\" \/><\/a><\/p><\/div>","protected":false},"excerpt":{"rendered":"<p>27 de Junho de 1999.\u00a0Na decis\u00e3o da Ta\u00e7a de Portugal de T\u00e9nis de Mesa disputada na Azambuja, vit\u00f3ria da equipa do Sporting (a 23\u00aa), com Vladimir Marinkevich, Rog\u00e9rio Alfar e Pedro Miguel (Tiago Rocha n\u00e3o jogou) sobre o Estrela da Amadora por 3-2. O pavilh\u00e3o local teve casa cheia e o triunfo foi dif\u00edcil, sendo [&hellip;]<\/p>\n","protected":false},"author":1,"featured_media":38146,"comment_status":"open","ping_status":"open","sticky":false,"template":"","format":"standard","meta":{"_et_pb_use_builder":"","_et_pb_old_content":"","_et_gb_content_width":"","footnotes":""},"categories":[17],"tags":[12,38],"_links":{"self":[{"href":"https:\/\/www.sportingcanal.com\/index.php?rest_route=\/wp\/v2\/posts\/5495"}],"collection":[{"href":"https:\/\/www.sportingcanal.com\/index.php?rest_route=\/wp\/v2\/posts"}],"about":[{"href":"https:\/\/www.sportingcanal.com\/index.php?rest_route=\/wp\/v2\/types\/post"}],"author":[{"embeddable":true,"href":"https:\/\/www.sportingcanal.com\/index.php?rest_route=\/wp\/v2\/users\/1"}],"replies":[{"embeddable":true,"href":"https:\/\/www.sportingcanal.com\/index.php?rest_route=%2Fwp%2Fv2%2Fcomments&post=5495"}],"version-history":[{"count":22,"href":"https:\/\/www.sportingcanal.com\/index.php?rest_route=\/wp\/v2\/posts\/5495\/revisions"}],"predecessor-version":[{"id":38147,"href":"https:\/\/www.sportingcanal.com\/index.php?rest_route=\/wp\/v2\/posts\/5495\/revisions\/38147"}],"wp:featuredmedia":[{"embeddable":true,"href":"https:\/\/www.sportingcanal.com\/index.php?rest_route=\/wp\/v2\/media\/38146"}],"wp:attachment":[{"href":"https:\/\/www.sportingcanal.com\/index.php?rest_route=%2Fwp%2Fv2%2Fmedia&parent=5495"}],"wp:term":[{"taxonomy":"category","embeddable":true,"href":"https:\/\/www.sportingcanal.com\/index.php?rest_route=%2Fwp%2Fv2%2Fcategories&post=5495"},{"taxonomy":"post_tag","embeddable":true,"href":"https:\/\/www.sportingcanal.com\/index.php?rest_route=%2Fwp%2Fv2%2Ftags&post=5495"}],"curies":[{"name":"wp","href":"https:\/\/api.w.org\/{rel}","templated":true}]}}