{"id":5502,"date":"2025-06-27T09:00:45","date_gmt":"2025-06-27T08:00:45","guid":{"rendered":"http:\/\/www.sportingcanal.com\/?p=5502"},"modified":"2025-06-27T10:14:32","modified_gmt":"2025-06-27T09:14:32","slug":"homenagem-a-francisco-stromp","status":"publish","type":"post","link":"https:\/\/www.sportingcanal.com\/?p=5502","title":{"rendered":"1943 &#8211; Homenagem a Francisco Stromp"},"content":{"rendered":"<p>27 de Junho de 1943. Nesse dia, parte das comemora\u00e7\u00f5es do 37\u00ba anivers\u00e1rio do Sporting, a massa associativa do Sporting prestou homenagem ao saudoso Francisco Stromp cuja esfinge, esculpida em bronze, ficou no Est\u00e1dio do Lumiar recordando para sempre a sua mem\u00f3ria de desportista \u00edntegro e clubista dedicado.<\/p>\n<p>Foi muito numerosa a assist\u00eancia, com um ambiente simp\u00e1tico e emotivo quando foi inaugurado o dito monumento. Jorge Vieira e Salazar Carreira, entre outros, usaram da palavra, tendo este referido que: \u201cFrancisco Stromp n\u00e3o \u00e9 apenas nosso, pertence ao desporto portugu\u00eas. Junto do seu ata\u00fade vi l\u00e1grimas sinceras em olhos de advers\u00e1rios porque a sua intransig\u00eancia sportinguista pode haver-lhe proporcionado antagonistas, mas a lealdade do seu proceder e o idealismo da sua paix\u00e3o fizeram destes amigos ou admiradores. Em qualquer parte onde os le\u00f5es lutem pela gl\u00f3ria da sua bandeira, onde palpite ou sofra a alma clubista, onde corram ou joguem os homens da camisola verde e branca, fa\u00e7amos na consci\u00eancia o apelo do chefe desaparecido, porque o seu exemplo estar\u00e1 sempre ali, ao nosso lado\u201d.<\/p>\n<p>As irm\u00e3s de Francisco Stromp, presentes, foram convidadas pelo Presidente do Clube (Augusto Amado de Aguilar) a descerrar a l\u00e1pide que se encontrava encoberta pela bandeira verde do Sporting. Procedeu-se depois \u00e0 distribui\u00e7\u00e3o de medalhas conferidas pelo clube aos seus Campe\u00f5es Nacionais e Regionais de 1942. Depois houve provas de Atletismo e um jogo entre velhas guardas e 2\u00aas categorias, que os mais velhos ganharam por 3-2, com Oliveira Martins em destaque ao fazer 2 golos!<\/p>\n<div class=\"tweetthis\" style=\"text-align:left;\"><p> <a target=\"_blank\" rel=\"nofollow\" class=\"tt\" href=\"http:\/\/twitter.com\/home\/?status=1943+%E2%80%93+Homenagem+a+Francisco+Stromp+https%3A%2F%2Fis.gd%2Fo2dzlL\" title=\"Post to Twitter\"><img decoding=\"async\" class=\"nothumb\" src=\"http:\/\/www.sportingcanal.com\/wp-content\/plugins\/tweet-this\/icons\/en\/twitter\/tt-twitter6.png\" alt=\"Post to Twitter\" \/><\/a><\/p><\/div>","protected":false},"excerpt":{"rendered":"<p>27 de Junho de 1943. Nesse dia, parte das comemora\u00e7\u00f5es do 37\u00ba anivers\u00e1rio do Sporting, a massa associativa do Sporting prestou homenagem ao saudoso Francisco Stromp cuja esfinge, esculpida em bronze, ficou no Est\u00e1dio do Lumiar recordando para sempre a sua mem\u00f3ria de desportista \u00edntegro e clubista dedicado. Foi muito numerosa a assist\u00eancia, com um [&hellip;]<\/p>\n","protected":false},"author":1,"featured_media":38144,"comment_status":"open","ping_status":"open","sticky":false,"template":"","format":"standard","meta":{"_et_pb_use_builder":"","_et_pb_old_content":"","_et_gb_content_width":"","footnotes":""},"categories":[4],"tags":[],"_links":{"self":[{"href":"https:\/\/www.sportingcanal.com\/index.php?rest_route=\/wp\/v2\/posts\/5502"}],"collection":[{"href":"https:\/\/www.sportingcanal.com\/index.php?rest_route=\/wp\/v2\/posts"}],"about":[{"href":"https:\/\/www.sportingcanal.com\/index.php?rest_route=\/wp\/v2\/types\/post"}],"author":[{"embeddable":true,"href":"https:\/\/www.sportingcanal.com\/index.php?rest_route=\/wp\/v2\/users\/1"}],"replies":[{"embeddable":true,"href":"https:\/\/www.sportingcanal.com\/index.php?rest_route=%2Fwp%2Fv2%2Fcomments&post=5502"}],"version-history":[{"count":21,"href":"https:\/\/www.sportingcanal.com\/index.php?rest_route=\/wp\/v2\/posts\/5502\/revisions"}],"predecessor-version":[{"id":39463,"href":"https:\/\/www.sportingcanal.com\/index.php?rest_route=\/wp\/v2\/posts\/5502\/revisions\/39463"}],"wp:featuredmedia":[{"embeddable":true,"href":"https:\/\/www.sportingcanal.com\/index.php?rest_route=\/wp\/v2\/media\/38144"}],"wp:attachment":[{"href":"https:\/\/www.sportingcanal.com\/index.php?rest_route=%2Fwp%2Fv2%2Fmedia&parent=5502"}],"wp:term":[{"taxonomy":"category","embeddable":true,"href":"https:\/\/www.sportingcanal.com\/index.php?rest_route=%2Fwp%2Fv2%2Fcategories&post=5502"},{"taxonomy":"post_tag","embeddable":true,"href":"https:\/\/www.sportingcanal.com\/index.php?rest_route=%2Fwp%2Fv2%2Ftags&post=5502"}],"curies":[{"name":"wp","href":"https:\/\/api.w.org\/{rel}","templated":true}]}}