{"id":5510,"date":"2025-06-27T08:00:47","date_gmt":"2025-06-27T07:00:47","guid":{"rendered":"http:\/\/www.sportingcanal.com\/?p=5510"},"modified":"2025-06-27T10:14:23","modified_gmt":"2025-06-27T09:14:23","slug":"fernando-riera-o-treinador-chileno-mais-bem-sucedido-de-sempre","status":"publish","type":"post","link":"https:\/\/www.sportingcanal.com\/?p=5510","title":{"rendered":"Fernando Riera \u2013 Um dos treinadores chilenos mais bem sucedidos de sempre"},"content":{"rendered":"<p>Fernando Riera Bauza nasceu a 27 de Junho de 1920 em Santiago do Chile. Futebolista (avan\u00e7ado) de grande destaque no seu pa\u00eds (sobretudo na Universidad Cat\u00f3lica), jogou na Copa Am\u00e9rica em 1942, 1947 e 1949 e no Mundial de 1950. Construiu uma carreira que fez dele um dos grandes jogadores sul-americanos dos anos 40.<\/p>\n<p>Como treinador continuou a trilhar os caminhos do sucesso. De 1954 a 1957 esteve no Belenenses e em 1962 levou o seu pa\u00eds ao 3\u00ba lugar no Mundial de 1962. Para al\u00e9m de outros trabalhos merit\u00f3rios, foi campe\u00e3o nacional pelo Benfica em 1963, 1967 e 1968. Esteve tamb\u00e9m na Argentina, em Espanha, no FC Porto (1972\/73) e em Fran\u00e7a antes de chegar ao Sporting, em Dezembro de 1974 (numa altura em que a equipa andava pelo 4\u00ba lugar), substituindo Osvaldo Silva (que se manteve na equipa t\u00e9cnica) e sendo coadjuvado por Juca. Na altura real\u00e7ou que: \u201cEntrar a meio do baile tem os seus inconvenientes\u201d.<\/p>\n<p>Estreou-se a 15 de Dezembro com um empate a zero em Marvila frente ao Oriental. Pouco a pouco a equipa melhorou, mas o chileno acabou por n\u00e3o conseguir mais que terminar o Campeonato em 3\u00ba e chegar \u00e0 meia-final da Ta\u00e7a de Portugal, onde foi eliminado pelo Boavista (clube que tinha afastado os le\u00f5es do t\u00edtulo com outra derrota no Bessa\u2026).<\/p>\n<p>O seu percurso em Alvalade, sem ser brilhante, acabou por ser positivo, mas insuficiente para convencer o presidente Jo\u00e3o Rocha. Entretanto lan\u00e7ou jovens como Garcez, Palhares ou In\u00e1cio.. No final da temporada acabou por sair, sendo promovido Juca a t\u00e9cnico principal para a temporada seguinte.<\/p>\n<p>Depois prosseguiu uma longu\u00edssima carreira, com passagens pelo M\u00e9xico e pelo seu pa\u00eds, onde esteve largos anos na Universidad do Chile. Terminou os seus dias de treinador em 1988\/89 no Monterrey, do M\u00e9xico.<\/p>\n<p>Morreu a 23 de Setembro de 2010, na sua cidade natal.<\/p>\n<table border=\"1\" width=\"414\" cellspacing=\"0\" cellpadding=\"0\">\n<tbody>\n<tr>\n<td colspan=\"8\" valign=\"top\" width=\"414\"><strong>FERNANDO RIERA como TREINADOR do SPORTING<\/strong><\/td>\n<\/tr>\n<tr>\n<td valign=\"top\" width=\"68\">\u00c9POCA<\/td>\n<td valign=\"top\" width=\"45\">J<\/td>\n<td valign=\"top\" width=\"45\">V<\/td>\n<td valign=\"top\" width=\"45\">E<\/td>\n<td valign=\"top\" width=\"45\">D<\/td>\n<td valign=\"top\" width=\"53\">GM<\/td>\n<td valign=\"top\" width=\"53\">GS<\/td>\n<td valign=\"top\" width=\"58\">%<\/td>\n<\/tr>\n<tr>\n<td valign=\"top\" width=\"68\">1974\/75<\/td>\n<td valign=\"top\" width=\"45\">23<\/td>\n<td valign=\"top\" width=\"45\">14<\/td>\n<td valign=\"top\" width=\"45\">6<\/td>\n<td valign=\"top\" width=\"45\">3<\/td>\n<td valign=\"top\" width=\"53\">50<\/td>\n<td valign=\"top\" width=\"53\">17<\/td>\n<td valign=\"top\" width=\"58\">73,9<\/td>\n<\/tr>\n<\/tbody>\n<\/table>\n<div class=\"tweetthis\" style=\"text-align:left;\"><p> <a target=\"_blank\" rel=\"nofollow\" class=\"tt\" href=\"http:\/\/twitter.com\/home\/?status=Fernando+Riera+%E2%80%93+Um+dos+treinadores+chilenos+mais+bem+sucedidos+de+sempre+https%3A%2F%2Fis.gd%2FTzQY20\" title=\"Post to Twitter\"><img decoding=\"async\" class=\"nothumb\" src=\"http:\/\/www.sportingcanal.com\/wp-content\/plugins\/tweet-this\/icons\/en\/twitter\/tt-twitter6.png\" alt=\"Post to Twitter\" \/><\/a><\/p><\/div>","protected":false},"excerpt":{"rendered":"<p>Fernando Riera Bauza nasceu a 27 de Junho de 1920 em Santiago do Chile. Futebolista (avan\u00e7ado) de grande destaque no seu pa\u00eds (sobretudo na Universidad Cat\u00f3lica), jogou na Copa Am\u00e9rica em 1942, 1947 e 1949 e no Mundial de 1950. Construiu uma carreira que fez dele um dos grandes jogadores sul-americanos dos anos 40. Como [&hellip;]<\/p>\n","protected":false},"author":1,"featured_media":38150,"comment_status":"open","ping_status":"open","sticky":false,"template":"","format":"standard","meta":{"_et_pb_use_builder":"","_et_pb_old_content":"","_et_gb_content_width":"","footnotes":""},"categories":[63],"tags":[8,27],"_links":{"self":[{"href":"https:\/\/www.sportingcanal.com\/index.php?rest_route=\/wp\/v2\/posts\/5510"}],"collection":[{"href":"https:\/\/www.sportingcanal.com\/index.php?rest_route=\/wp\/v2\/posts"}],"about":[{"href":"https:\/\/www.sportingcanal.com\/index.php?rest_route=\/wp\/v2\/types\/post"}],"author":[{"embeddable":true,"href":"https:\/\/www.sportingcanal.com\/index.php?rest_route=\/wp\/v2\/users\/1"}],"replies":[{"embeddable":true,"href":"https:\/\/www.sportingcanal.com\/index.php?rest_route=%2Fwp%2Fv2%2Fcomments&post=5510"}],"version-history":[{"count":23,"href":"https:\/\/www.sportingcanal.com\/index.php?rest_route=\/wp\/v2\/posts\/5510\/revisions"}],"predecessor-version":[{"id":38153,"href":"https:\/\/www.sportingcanal.com\/index.php?rest_route=\/wp\/v2\/posts\/5510\/revisions\/38153"}],"wp:featuredmedia":[{"embeddable":true,"href":"https:\/\/www.sportingcanal.com\/index.php?rest_route=\/wp\/v2\/media\/38150"}],"wp:attachment":[{"href":"https:\/\/www.sportingcanal.com\/index.php?rest_route=%2Fwp%2Fv2%2Fmedia&parent=5510"}],"wp:term":[{"taxonomy":"category","embeddable":true,"href":"https:\/\/www.sportingcanal.com\/index.php?rest_route=%2Fwp%2Fv2%2Fcategories&post=5510"},{"taxonomy":"post_tag","embeddable":true,"href":"https:\/\/www.sportingcanal.com\/index.php?rest_route=%2Fwp%2Fv2%2Ftags&post=5510"}],"curies":[{"name":"wp","href":"https:\/\/api.w.org\/{rel}","templated":true}]}}