{"id":5558,"date":"2025-06-30T16:50:03","date_gmt":"2025-06-30T15:50:03","guid":{"rendered":"http:\/\/www.sportingcanal.com\/?p=5558"},"modified":"2025-06-30T11:26:13","modified_gmt":"2025-06-30T10:26:13","slug":"1991-1%c2%aa-supertaca-para-o-voleibol","status":"publish","type":"post","link":"https:\/\/www.sportingcanal.com\/?p=5558","title":{"rendered":"1991 \u2013 1\u00aa Superta\u00e7a para o Voleibol"},"content":{"rendered":"<p>30 de Junho de 1991. Este foi dia de decidir a Superta\u00e7a de Voleibol, em Alvalade, entre Sporting e Benfica. O Sporting tinha perdido de forma incr\u00edvel o Campeonato para os encarnados, mas tinha arrecadado a Ta\u00e7a de Portugal. A Superta\u00e7a, realizada em fim de \u00e9poca, era uma esp\u00e9cie de tira-teimas.<\/p>\n<p>Na Luz os le\u00f5es triunfaram por 3-1 e tudo se decidiria agora no Alvalade.\u00a0Pena foi que a partida n\u00e3o tivesse a habitual moldura humana que nessa altura costumava marcar presen\u00e7a nos grandes jogos de Volei entre os 2 velhos rivais, e que os atletas indiscutivelmente mereciam, mas depois do triunfo claro no terreno do advers\u00e1rio os adeptos leoninos deram a Superta\u00e7a como praticamente ganha. A verdade \u00e9 que o Sporting voltou a triunfar por 3-1 (ap\u00f3s mais uma excelente exibi\u00e7\u00e3o), conquistando o trof\u00e9u.<\/p>\n<p>Entretanto foi anunciado que os novos treinadores da equipa leonina para a pr\u00f3xima \u00e9poca seriam Ant\u00f3nio Rodrigues e Jos\u00e9 Rodrigues (que treinavam o Estrelas da Avenida) &#8211; viriam substituir o b\u00falgaro Gueorgi Petrov. Mais um refor\u00e7o para a nova temporada (al\u00e9m do anunciado Miguel Maia) seria outro magn\u00edfico jogador, o tamb\u00e9m at\u00e9 a\u00ed espinhense, Filipe Vit\u00f3.<\/p>\n<p>Na foto o b\u00falgaro Florov, uma das grande figuras da equipa sportinguista.<\/p>\n<div class=\"tweetthis\" style=\"text-align:left;\"><p> <a target=\"_blank\" rel=\"nofollow\" class=\"tt\" href=\"http:\/\/twitter.com\/home\/?status=1991+%E2%80%93+1%C2%AA+Superta%C3%A7a+para+o+Voleibol+https%3A%2F%2Fis.gd%2FYUrEdW\" title=\"Post to Twitter\"><img decoding=\"async\" class=\"nothumb\" src=\"http:\/\/www.sportingcanal.com\/wp-content\/plugins\/tweet-this\/icons\/en\/twitter\/tt-twitter6.png\" alt=\"Post to Twitter\" \/><\/a><\/p><\/div>","protected":false},"excerpt":{"rendered":"<p>30 de Junho de 1991. Este foi dia de decidir a Superta\u00e7a de Voleibol, em Alvalade, entre Sporting e Benfica. O Sporting tinha perdido de forma incr\u00edvel o Campeonato para os encarnados, mas tinha arrecadado a Ta\u00e7a de Portugal. A Superta\u00e7a, realizada em fim de \u00e9poca, era uma esp\u00e9cie de tira-teimas. Na Luz os le\u00f5es [&hellip;]<\/p>\n","protected":false},"author":1,"featured_media":38178,"comment_status":"open","ping_status":"open","sticky":false,"template":"","format":"standard","meta":{"_et_pb_use_builder":"","_et_pb_old_content":"","_et_gb_content_width":"","footnotes":""},"categories":[17],"tags":[18,23,69],"_links":{"self":[{"href":"https:\/\/www.sportingcanal.com\/index.php?rest_route=\/wp\/v2\/posts\/5558"}],"collection":[{"href":"https:\/\/www.sportingcanal.com\/index.php?rest_route=\/wp\/v2\/posts"}],"about":[{"href":"https:\/\/www.sportingcanal.com\/index.php?rest_route=\/wp\/v2\/types\/post"}],"author":[{"embeddable":true,"href":"https:\/\/www.sportingcanal.com\/index.php?rest_route=\/wp\/v2\/users\/1"}],"replies":[{"embeddable":true,"href":"https:\/\/www.sportingcanal.com\/index.php?rest_route=%2Fwp%2Fv2%2Fcomments&post=5558"}],"version-history":[{"count":23,"href":"https:\/\/www.sportingcanal.com\/index.php?rest_route=\/wp\/v2\/posts\/5558\/revisions"}],"predecessor-version":[{"id":38179,"href":"https:\/\/www.sportingcanal.com\/index.php?rest_route=\/wp\/v2\/posts\/5558\/revisions\/38179"}],"wp:featuredmedia":[{"embeddable":true,"href":"https:\/\/www.sportingcanal.com\/index.php?rest_route=\/wp\/v2\/media\/38178"}],"wp:attachment":[{"href":"https:\/\/www.sportingcanal.com\/index.php?rest_route=%2Fwp%2Fv2%2Fmedia&parent=5558"}],"wp:term":[{"taxonomy":"category","embeddable":true,"href":"https:\/\/www.sportingcanal.com\/index.php?rest_route=%2Fwp%2Fv2%2Fcategories&post=5558"},{"taxonomy":"post_tag","embeddable":true,"href":"https:\/\/www.sportingcanal.com\/index.php?rest_route=%2Fwp%2Fv2%2Ftags&post=5558"}],"curies":[{"name":"wp","href":"https:\/\/api.w.org\/{rel}","templated":true}]}}