{"id":5579,"date":"2025-07-10T08:30:10","date_gmt":"2025-07-10T07:30:10","guid":{"rendered":"http:\/\/www.sportingcanal.com\/?p=5579"},"modified":"2025-07-10T16:11:28","modified_gmt":"2025-07-10T15:11:28","slug":"tome-um-sadino-com-sucesso-em-alvalade","status":"publish","type":"post","link":"https:\/\/www.sportingcanal.com\/?p=5579","title":{"rendered":"Tom\u00e9 \u2013 Um \u201csadino\u201d com sucesso no Alvalade"},"content":{"rendered":"<p>Fernando Massano Tom\u00e9 nasceu a 10 de Julho de 1947 no Porto. Ainda muito jovem foi para Set\u00fabal, e no clube local se iniciou na pr\u00e1tica do futebol. Com apenas 18 anos chegou \u00e0 equipa principal do Vit\u00f3ria onde ganhou uma Ta\u00e7a de Portugal (1968) e chegou por duas vezes (as suas \u00fanicas internacionaliza\u00e7\u00f5es) \u00e0 Sele\u00e7\u00e3o Nacional.<\/p>\n<p>Chegou ao Sporting no Ver\u00e3o de 1970 (indicado pelo antigo avan\u00e7ado leonino Figueiredo) por 2.000 contos. Estreou-se oficialmente a 13 de Setembro de 1970 (com o t\u00e9cnico Fernando Vaz) no Barreiro (triunfo por 3-0) em jogo a contar para a 1\u00aa jornada do Campeonato Nacional. A 30 do mesmo m\u00eas marcou pela 1\u00aa vez, em Malta frente ao Floriana, para a Ta\u00e7a dos Campe\u00f5es Europeus (4-0). Logo nessa 1\u00aa temporada \u201cpegou de estaca\u201d no meio-campo da turma leonina realizando 35 jogos e marcando 10 golos (a sua temporada mais produtiva). No \u00faltimo jogo da \u00e9poca contribuiu para o triunfo na Ta\u00e7a de Portugal com 4-1 ao Benfica.<\/p>\n<p>Nas temporadas que se seguiram voltou a ser um elemento de grande import\u00e2ncia na manobra da equipa sportinguista. Em 1972\/73 conquistou a Ta\u00e7a de Portugal, conseguindo o seu \u00fanico t\u00edtulo de campe\u00e3o nacional no ano seguinte (a que juntou mais uma Ta\u00e7a), curiosamente, numa temporada em que jogou com menor frequ\u00eancia (16 partidas).<\/p>\n<p>Depois de 5 anos a jogar no meio-campo foi, em 1975\/76 (a sua \u00faltima \u00e9poca no Sporting), mais utilizado como defesa direito &#8211; uma inova\u00e7\u00e3o do t\u00e9cnico Juca. Alinhou pela \u00faltima vez oficialmente a 30 de Maio de 1976, na \u00faltima jornada do Campeonato (derrota no Bessa por 3-1). O \u00faltimo golo marcara-o j\u00e1 na \u00e9poca anterior, a 5 de Abril de 1975, num Acad\u00e9mico de Coimbra-Sporting (1-4) para a Ta\u00e7a de Portugal.<\/p>\n<p>Esteve um total de 6 \u00e9pocas no Sporting tendo realizado 130 jogos oficiais e marcado 18 golos. Ganhou 1 Campeonato Nacional e 3 Ta\u00e7as de Portugal. Deixou uma excelente imagem em Alvalade, de centrocampista completo, com boa capacidade de passe e grande voluntariedade.<\/p>\n<p>Depois de sair do Sporting (ap\u00f3s uma \u201crevolu\u00e7\u00e3o\u201d promovida pelo presidente Jo\u00e3o Rocha) regressou ao \u201cseu\u201d Vit\u00f3ria de Set\u00fabal onde permaneceu mais 2 anos. Jogou ainda 3 temporadas na Uni\u00e3o de Leiria onde chegou a ser campe\u00e3o nacional da 2\u00aa divis\u00e3o (1981) \u2013 no ano anterior n\u00e3o conseguira evitar a descida como jogador-treinador. Encerrou a\u00ed a carreira, \u201cabra\u00e7ando\u201d depois um percurso como treinador em clubes como o Penafiel e o Vit\u00f3ria de Set\u00fabal, onde desempenhou tamb\u00e9m importante papel nas camadas jovens (setor por onde tamb\u00e9m passou no Sporting).<\/p>\n<div class=\"tweetthis\" style=\"text-align:left;\"><p> <a target=\"_blank\" rel=\"nofollow\" class=\"tt\" href=\"http:\/\/twitter.com\/home\/?status=Tom%C3%A9+%E2%80%93+Um+%E2%80%9Csadino%E2%80%9D+com+sucesso+no+Alvalade+https%3A%2F%2Fis.gd%2FjitzWI\" title=\"Post to Twitter\"><img decoding=\"async\" class=\"nothumb\" src=\"http:\/\/www.sportingcanal.com\/wp-content\/plugins\/tweet-this\/icons\/en\/twitter\/tt-twitter6.png\" alt=\"Post to Twitter\" \/><\/a><\/p><\/div>","protected":false},"excerpt":{"rendered":"<p>Fernando Massano Tom\u00e9 nasceu a 10 de Julho de 1947 no Porto. Ainda muito jovem foi para Set\u00fabal, e no clube local se iniciou na pr\u00e1tica do futebol. Com apenas 18 anos chegou \u00e0 equipa principal do Vit\u00f3ria onde ganhou uma Ta\u00e7a de Portugal (1968) e chegou por duas vezes (as suas \u00fanicas internacionaliza\u00e7\u00f5es) \u00e0 [&hellip;]<\/p>\n","protected":false},"author":1,"featured_media":38245,"comment_status":"open","ping_status":"open","sticky":false,"template":"","format":"standard","meta":{"_et_pb_use_builder":"","_et_pb_old_content":"","_et_gb_content_width":"","footnotes":""},"categories":[63],"tags":[8,64],"_links":{"self":[{"href":"https:\/\/www.sportingcanal.com\/index.php?rest_route=\/wp\/v2\/posts\/5579"}],"collection":[{"href":"https:\/\/www.sportingcanal.com\/index.php?rest_route=\/wp\/v2\/posts"}],"about":[{"href":"https:\/\/www.sportingcanal.com\/index.php?rest_route=\/wp\/v2\/types\/post"}],"author":[{"embeddable":true,"href":"https:\/\/www.sportingcanal.com\/index.php?rest_route=\/wp\/v2\/users\/1"}],"replies":[{"embeddable":true,"href":"https:\/\/www.sportingcanal.com\/index.php?rest_route=%2Fwp%2Fv2%2Fcomments&post=5579"}],"version-history":[{"count":24,"href":"https:\/\/www.sportingcanal.com\/index.php?rest_route=\/wp\/v2\/posts\/5579\/revisions"}],"predecessor-version":[{"id":38246,"href":"https:\/\/www.sportingcanal.com\/index.php?rest_route=\/wp\/v2\/posts\/5579\/revisions\/38246"}],"wp:featuredmedia":[{"embeddable":true,"href":"https:\/\/www.sportingcanal.com\/index.php?rest_route=\/wp\/v2\/media\/38245"}],"wp:attachment":[{"href":"https:\/\/www.sportingcanal.com\/index.php?rest_route=%2Fwp%2Fv2%2Fmedia&parent=5579"}],"wp:term":[{"taxonomy":"category","embeddable":true,"href":"https:\/\/www.sportingcanal.com\/index.php?rest_route=%2Fwp%2Fv2%2Fcategories&post=5579"},{"taxonomy":"post_tag","embeddable":true,"href":"https:\/\/www.sportingcanal.com\/index.php?rest_route=%2Fwp%2Fv2%2Ftags&post=5579"}],"curies":[{"name":"wp","href":"https:\/\/api.w.org\/{rel}","templated":true}]}}