{"id":5603,"date":"2025-07-02T10:00:12","date_gmt":"2025-07-02T09:00:12","guid":{"rendered":"http:\/\/www.sportingcanal.com\/?p=5603"},"modified":"2025-07-02T15:01:01","modified_gmt":"2025-07-02T14:01:01","slug":"recorde-mundial-dos-10-000-metros-para-fernando-mamede","status":"publish","type":"post","link":"https:\/\/www.sportingcanal.com\/?p=5603","title":{"rendered":"1984 &#8211; Recorde Mundial dos 10.000 metros para Fernando Mamede"},"content":{"rendered":"<p>2 de Julho de 1984. Nesse dia\u00a0Fernando Mamede bateu o recorde do Mundo e da Europa dos 10.000 metros. No final o her\u00f3i leonino afirmou: &#8220;Bati o recorde do Mundo em condi\u00e7\u00f5es que me eram adversas pelo modo como o Lopes \u2014 e muito bem \u2014 estava a conduzir a sua corrida. O Lopes imp\u00f4s um andamento dur\u00edssimo, tentou fugir-me v\u00e1rias vezes, n\u00e3o quebrei, n\u00e3o perdi terreno e na \u00faltima volta meti o meu andamento. \u00c9 evidente que este recorde do Mundo n\u00e3o caiu do c\u00e9u, e julgo que n\u00e3o conseguirei voltar a bat\u00ea-lo nem sei se, nos pr\u00f3ximos anos, algu\u00e9m conseguir\u00e1 ultrapass\u00e1-lo&#8221;.<\/p>\n<p>Carlos Lopes, que ficou com a 2\u00aa melhor marca mundial de sempre, referiu: \u201cFui o grande culpado da queda do recorde, e n\u00e3o estou nada arrependido daquilo que fiz\u201d.<\/p>\n<p>Mamede j\u00e1 era o recordista da Europa h\u00e1 2 anos depois de ter destronado Lopes, detentor da melhor marca europeia durante alguns dias. Com os 2 atletas em excelente forma, as excelentes condi\u00e7\u00f5es atmosf\u00e9ricas de Estocolmo, o apoio do p\u00fablico, e a prop\u00edcia altura do ano, j\u00e1 se previa que algo de impressionante poderia acontecer, mas Mamede, dentro da comitiva, era aquele que menos falava em recordes, pois \u201cn\u00e3o queria ter essa responsabilidade sobre os ombros\u201d.<\/p>\n<p>A corrida foi magn\u00edfica. Carlos Lopes tentou fugir v\u00e1rias vezes impondo um andamento dur\u00edssimo, mas a prova foi decidida pela explos\u00e3o final de Mamede, mais r\u00e1pido a terminar que Lopes, quando estava no auge da sua confian\u00e7a, como aconteceu desta vez. A \u00faltima volta foi um momento que ficou nos anais do Atletismo mundial, com Mamede a fazer pouco mais de 50 segundos. A marca, 27m13,81s, foi recorde do mundo por 5 anos e da Europa por 15, apesar da vaga africana do fundo j\u00e1 se come\u00e7ar a fazer sentir. Anteriormente, Mamede j\u00e1 ficara a 45 cent\u00e9simos de segundo do recorde, mas desta vez nada o p\u00f4de deter.<\/p>\n<p><a href=\"http:\/\/www.youtube.com\/watch?v=QA6YhbawUsY\">video<\/a><\/p>\n<div class=\"tweetthis\" style=\"text-align:left;\"><p> <a target=\"_blank\" rel=\"nofollow\" class=\"tt\" href=\"http:\/\/twitter.com\/home\/?status=1984+%E2%80%93+Recorde+Mundial+dos+10.000+metros+para+Fernando+Mamede+https%3A%2F%2Fis.gd%2FpjxeXO\" title=\"Post to Twitter\"><img decoding=\"async\" class=\"nothumb\" src=\"http:\/\/www.sportingcanal.com\/wp-content\/plugins\/tweet-this\/icons\/en\/twitter\/tt-twitter6.png\" alt=\"Post to Twitter\" \/><\/a><\/p><\/div>","protected":false},"excerpt":{"rendered":"<p>2 de Julho de 1984. Nesse dia\u00a0Fernando Mamede bateu o recorde do Mundo e da Europa dos 10.000 metros. No final o her\u00f3i leonino afirmou: &#8220;Bati o recorde do Mundo em condi\u00e7\u00f5es que me eram adversas pelo modo como o Lopes \u2014 e muito bem \u2014 estava a conduzir a sua corrida. O Lopes imp\u00f4s [&hellip;]<\/p>\n","protected":false},"author":1,"featured_media":38196,"comment_status":"open","ping_status":"open","sticky":false,"template":"","format":"standard","meta":{"_et_pb_use_builder":"","_et_pb_old_content":"","_et_gb_content_width":"","footnotes":""},"categories":[4],"tags":[21,26],"_links":{"self":[{"href":"https:\/\/www.sportingcanal.com\/index.php?rest_route=\/wp\/v2\/posts\/5603"}],"collection":[{"href":"https:\/\/www.sportingcanal.com\/index.php?rest_route=\/wp\/v2\/posts"}],"about":[{"href":"https:\/\/www.sportingcanal.com\/index.php?rest_route=\/wp\/v2\/types\/post"}],"author":[{"embeddable":true,"href":"https:\/\/www.sportingcanal.com\/index.php?rest_route=\/wp\/v2\/users\/1"}],"replies":[{"embeddable":true,"href":"https:\/\/www.sportingcanal.com\/index.php?rest_route=%2Fwp%2Fv2%2Fcomments&post=5603"}],"version-history":[{"count":19,"href":"https:\/\/www.sportingcanal.com\/index.php?rest_route=\/wp\/v2\/posts\/5603\/revisions"}],"predecessor-version":[{"id":38197,"href":"https:\/\/www.sportingcanal.com\/index.php?rest_route=\/wp\/v2\/posts\/5603\/revisions\/38197"}],"wp:featuredmedia":[{"embeddable":true,"href":"https:\/\/www.sportingcanal.com\/index.php?rest_route=\/wp\/v2\/media\/38196"}],"wp:attachment":[{"href":"https:\/\/www.sportingcanal.com\/index.php?rest_route=%2Fwp%2Fv2%2Fmedia&parent=5603"}],"wp:term":[{"taxonomy":"category","embeddable":true,"href":"https:\/\/www.sportingcanal.com\/index.php?rest_route=%2Fwp%2Fv2%2Fcategories&post=5603"},{"taxonomy":"post_tag","embeddable":true,"href":"https:\/\/www.sportingcanal.com\/index.php?rest_route=%2Fwp%2Fv2%2Ftags&post=5603"}],"curies":[{"name":"wp","href":"https:\/\/api.w.org\/{rel}","templated":true}]}}