{"id":5614,"date":"2025-07-03T11:20:35","date_gmt":"2025-07-03T10:20:35","guid":{"rendered":"http:\/\/www.sportingcanal.com\/?p=5614"},"modified":"2025-07-03T09:25:49","modified_gmt":"2025-07-03T08:25:49","slug":"um-feito-inedito-para-o-ciclista-paulo-ferreira","status":"publish","type":"post","link":"https:\/\/www.sportingcanal.com\/?p=5614","title":{"rendered":"1984 &#8211; Um feito in\u00e9dito para o ciclista Paulo Ferreira"},"content":{"rendered":"<p>3 de Julho de 1984. Na 5\u00aa etapa da Volta a Fran\u00e7a em bicicleta, Paulo Ferreira conseguiu o feito de, pela 1\u00aa vez (e \u00fanica at\u00e9 \u00e0 atualidade), um atleta equipado \u00e0 Sporting vencer uma etapa da &#8220;prova rainha&#8221; do Ciclismo mundial.<\/p>\n<p>Ferreira era um jovem sprinter, mas soube aproveitar a sua oportunidade.\u00a0Aos 7 dos 207km da etapa entre Bethune e Cergy-Pontoise arrancou destemido numa aventura que parecia pouco cred\u00edvel. Aos 15km recebeu a companhia de Maurice Le Guilloux e ao quil\u00f3metro 22 juntou-se-lhes Vincent Barteau. Os 3 funcionaram muito bem em equipa,e pouco mais de 4 horas depois, j\u00e1 com a localidade da chegada \u00e0 vista, Paulo Ferreira fez valer as suas capacidades de sprinter e perante a surpresa geral venceu a etapa a uma m\u00e9dia que se aproximou muito dos 43km\/h. Afirmou depois: \u201cAl\u00e9m de dignificar a equipa do Sporting, esta era a melhor homenagem que poderia prestar ao meu companheiro <a href=\"http:\/\/www.sportingcanal.com\/?p=1442\">Joaquim Agostinho<\/a>, nome grande da Hist\u00f3ria do Tour\u201d.<\/p>\n<p>Na chegada a alegria foi incontida dos muitos emigrantes portugueses. Ferreira chegou assim ao 3\u00ba lugar da Geral, algo ef\u00e9mero mas significativo. Curiosamente, exatamente 15 anos antes, Agostinho vencia a etapa Nancy-Moulhouse, o que aconteceu pela 1\u00aa vez com um portugu\u00eas na Volta a Fran\u00e7a, numa aventura solit\u00e1ria de dezenas e dezenas de quil\u00f3metros.<\/p>\n<p>A gl\u00f3ria foi ef\u00e9mera. Na 10\u00aa etapa Paulo Ferreira deixou fugir o 3\u00ba lugar para Laurent Fignon. \u00c0 18\u00aa (\u00e0 entrada dos Alpes) chegou fora do controlo e foi eliminado. Resignado, afirmou: &#8220;H\u00e1 dias que andava mal, a fazer um sacrif\u00edcio enorme, a fim de n\u00e3o desistir. Fiz tudo quanto pude para n\u00e3o ser eliminado. Descolei na subida da 1\u00aa montanha mas um vento forte e subidas valentes obrigaram-me a correr sozinho 160 km, pelo que cheguei atrasado.&#8221;<\/p>\n<p>N\u00e3o muito tempo depois, em Portugal, dedicar-se-ia ao of\u00edcio de mec\u00e2nico na nostalgia daquele dia em que o Mundo, espantado, tanto falou dele.<\/p>\n<p>A caravana do \u201cTour\u201d n\u00e3o se esqueceu de Joaquim Agostinho, e em Crans-Montana render-lhe-ia homenagem p\u00f3stuma, tendo o camisola amarela e grande estrela da altura, Laurent Fignon, entregado a Fiel Farinha (dirigente do Sporting) uma medalha de \u201cprofundo sentimento do Tour pela morte de Agostinho\u201d.<\/p>\n<p>Coletivamente (entre as equipas que terminaram) o Sporting classificou-se no \u00faltimo lugar na chegada a Paris, mas Marco Chagas (77\u00ba) e Manuel Zeferino (94\u00ba) conseguiram classificar-se nos 100 melhores.<\/p>\n<p>Fiel Farinha, que chefiou a comitiva leonina, fez no final o balan\u00e7o da competi\u00e7\u00e3o: \u201cO Tour foi positivo para n\u00f3s. Fizemos coisas com que ningu\u00e9m contava.\u00a0 And\u00e1mos por c\u00e1 com muitos ciclistas at\u00e9 ao fim e ganh\u00e1mos uma etapa\u201d. Em\u00eddio Pinto, o respons\u00e1vel pela orienta\u00e7\u00e3o da equipa teve opini\u00e3o semelhante: \u201cAcho que chegar a Paris com uma equipa formada por 8 ciclistas \u00e9 uma vit\u00f3ria do Ciclismo do Sporting. Se tiv\u00e9ssemos dito isto \u00e0 partida, se diss\u00e9ssemos que \u00edamos chegar aos Campos El\u00edsios com tanta gente, chamavam-nos malucos. N\u00e3o viemos com a prepara\u00e7\u00e3o conveniente. Todavia, estes ciclistas v\u00e3o ser o trampolim do Ciclismo portugu\u00eas\u201d.<\/p>\n<div class=\"tweetthis\" style=\"text-align:left;\"><p> <a target=\"_blank\" rel=\"nofollow\" class=\"tt\" href=\"http:\/\/twitter.com\/home\/?status=1984+%E2%80%93+Um+feito+in%C3%A9dito+para+o+ciclista+Paulo+Ferreira+https%3A%2F%2Fis.gd%2FuElajj\" title=\"Post to Twitter\"><img decoding=\"async\" class=\"nothumb\" src=\"http:\/\/www.sportingcanal.com\/wp-content\/plugins\/tweet-this\/icons\/en\/twitter\/tt-twitter6.png\" alt=\"Post to Twitter\" \/><\/a><\/p><\/div>","protected":false},"excerpt":{"rendered":"<p>3 de Julho de 1984. Na 5\u00aa etapa da Volta a Fran\u00e7a em bicicleta, Paulo Ferreira conseguiu o feito de, pela 1\u00aa vez (e \u00fanica at\u00e9 \u00e0 atualidade), um atleta equipado \u00e0 Sporting vencer uma etapa da &#8220;prova rainha&#8221; do Ciclismo mundial. Ferreira era um jovem sprinter, mas soube aproveitar a sua oportunidade.\u00a0Aos 7 dos [&hellip;]<\/p>\n","protected":false},"author":1,"featured_media":38198,"comment_status":"open","ping_status":"open","sticky":false,"template":"","format":"standard","meta":{"_et_pb_use_builder":"","_et_pb_old_content":"","_et_gb_content_width":"","footnotes":""},"categories":[4],"tags":[29],"_links":{"self":[{"href":"https:\/\/www.sportingcanal.com\/index.php?rest_route=\/wp\/v2\/posts\/5614"}],"collection":[{"href":"https:\/\/www.sportingcanal.com\/index.php?rest_route=\/wp\/v2\/posts"}],"about":[{"href":"https:\/\/www.sportingcanal.com\/index.php?rest_route=\/wp\/v2\/types\/post"}],"author":[{"embeddable":true,"href":"https:\/\/www.sportingcanal.com\/index.php?rest_route=\/wp\/v2\/users\/1"}],"replies":[{"embeddable":true,"href":"https:\/\/www.sportingcanal.com\/index.php?rest_route=%2Fwp%2Fv2%2Fcomments&post=5614"}],"version-history":[{"count":24,"href":"https:\/\/www.sportingcanal.com\/index.php?rest_route=\/wp\/v2\/posts\/5614\/revisions"}],"predecessor-version":[{"id":38199,"href":"https:\/\/www.sportingcanal.com\/index.php?rest_route=\/wp\/v2\/posts\/5614\/revisions\/38199"}],"wp:featuredmedia":[{"embeddable":true,"href":"https:\/\/www.sportingcanal.com\/index.php?rest_route=\/wp\/v2\/media\/38198"}],"wp:attachment":[{"href":"https:\/\/www.sportingcanal.com\/index.php?rest_route=%2Fwp%2Fv2%2Fmedia&parent=5614"}],"wp:term":[{"taxonomy":"category","embeddable":true,"href":"https:\/\/www.sportingcanal.com\/index.php?rest_route=%2Fwp%2Fv2%2Fcategories&post=5614"},{"taxonomy":"post_tag","embeddable":true,"href":"https:\/\/www.sportingcanal.com\/index.php?rest_route=%2Fwp%2Fv2%2Ftags&post=5614"}],"curies":[{"name":"wp","href":"https:\/\/api.w.org\/{rel}","templated":true}]}}