{"id":5627,"date":"2025-07-05T09:00:26","date_gmt":"2025-07-05T08:00:26","guid":{"rendered":"http:\/\/www.sportingcanal.com\/?p=5627"},"modified":"2025-07-05T23:53:58","modified_gmt":"2025-07-05T22:53:58","slug":"1936-campeoes-de-portugal-de-futebol-pela-3%c2%aa-vez","status":"publish","type":"post","link":"https:\/\/www.sportingcanal.com\/?p=5627","title":{"rendered":"1936 \u2013 Campe\u00f5es Nacionais de Futebol pela 3\u00aa vez"},"content":{"rendered":"<p>5 de Julho de 1936.\u00a0FC Porto, Benfica e Belenenses j\u00e1 possuiam nas suas vitrinas 3 Campeonato de Portugal. O Sporting j\u00e1 \u00eda para a sua 8\u00aa final e ainda s\u00f3 possu\u00eda 2 t\u00edtulos. Na fase derradeira duma \u00e9poca que mostrava \u00e0 saciedade um conjunto leonino de grande for\u00e7a coletiva, os verdes defrontaram no Lumiar a muito competitiva equipa do Belenenses &#8211; que j\u00e1 afastara FC Porto e Benfica da competi\u00e7\u00e3o.<\/p>\n<p>A partida contou com a presen\u00e7a do Chefe de Estado, Marechal Carmona. Orientada por Wilhelm Possak, a equipa verde e branca:\u00a0Azevedo, Jo\u00e3o Jurado e Vianinha, Abelhinha, Rui Ara\u00fajo e Faustino; Abrantes Mendes, Pireza, Soeiro, Mour\u00e3o e Francisco Lopes.<\/p>\n<p>A 1\u00aa parte foi muito disputada e equilibrada, com ataques e golos repartidos. Aos 12 minutos o m\u00e9dio-esquerdo Faustino abriu o ativo para os le\u00f5es &#8211; Francisco Lopes marcou um canto \u00e0 maneira curta para Pireza, este devolveu a bola ao extremo que a tocou para Faustino que, na passada, vindo de tr\u00e1s, aplicou um belo pontap\u00e9 para dentro da baliza. J\u00e1 perto do intervalo Rafael Correia empatou a contenda.<\/p>\n<p>O 2\u00ba per\u00edodo de jogo foi bem mais acidentado e aquele no qual os le\u00f5es mostraram uma superioridade que justificou a vit\u00f3ria. Os adeptos belenenses come\u00e7aram a contestar com alguma veem\u00eancia o \u00e1rbitro da partida, e o \u201ccaldo ficou entornado\u201d quando \u00e0 passagem da meia-hora Pireza desempatou para os verde e brancos, pois um dos seus companheiros estava alegadamente em fora-de-jogo posicional. O ambiente chegou a estar \u201cfeio\u201d e a agita\u00e7\u00e3o foi tal que muito pouco faltou para se dar a interven\u00e7\u00e3o da Guarda Republicana.<\/p>\n<p>A apenas 4 minutos do fim, de novo o aparentemente fr\u00e1gil Pireza \u201cmolhou a sopa\u201d (era o 3-1 final) acabando com o sonhos dos da \u201ccruz de Cristo\u201d e possibilitando aos le\u00f5es a obten\u00e7\u00e3o do seu 3\u00ba t\u00edtulo nacional, naturalmente muito festejado.<\/p>\n<p>Azevedo, Vianinha, Abelhinha e Pireza foram as principais figuras da equipa. A imprensa da \u00e9poca considerou o trabalho do \u00e1rbitro Jos\u00e9 Trava\u00e7os como \u201cmuito complicado, mas imparcial\u201d. Curiosamente, o jornal &#8220;O S\u00e9culo&#8221; justificou a derrota dos azuis pelo \u201cexcessivo tamanho do campo\u201d (!)<\/p>\n<p>Na foto, de cima para baixo e da esquerda para a direita:\u00a0Faustino, Abelhinha, Rui de Ara\u00fajo, Vianinha, Jurado, Azevedo e Wilhelm Possak (treinador);\u00a0Abrantes Mendes, Pireza, Soeiro, Mour\u00e3o e Francisco Lopes.<\/p>\n<div class=\"tweetthis\" style=\"text-align:left;\"><p> <a target=\"_blank\" rel=\"nofollow\" class=\"tt\" href=\"http:\/\/twitter.com\/home\/?status=1936+%E2%80%93+Campe%C3%B5es+Nacionais+de+Futebol+pela+3%C2%AA+vez+https%3A%2F%2Fis.gd%2F07qEj5\" title=\"Post to Twitter\"><img decoding=\"async\" class=\"nothumb\" src=\"http:\/\/www.sportingcanal.com\/wp-content\/plugins\/tweet-this\/icons\/en\/twitter\/tt-twitter6.png\" alt=\"Post to Twitter\" \/><\/a><\/p><\/div>","protected":false},"excerpt":{"rendered":"<p>5 de Julho de 1936.\u00a0FC Porto, Benfica e Belenenses j\u00e1 possuiam nas suas vitrinas 3 Campeonato de Portugal. O Sporting j\u00e1 \u00eda para a sua 8\u00aa final e ainda s\u00f3 possu\u00eda 2 t\u00edtulos. Na fase derradeira duma \u00e9poca que mostrava \u00e0 saciedade um conjunto leonino de grande for\u00e7a coletiva, os verdes defrontaram no Lumiar a [&hellip;]<\/p>\n","protected":false},"author":1,"featured_media":38219,"comment_status":"open","ping_status":"open","sticky":false,"template":"","format":"standard","meta":{"_et_pb_use_builder":"","_et_pb_old_content":"","_et_gb_content_width":"","footnotes":""},"categories":[17],"tags":[71,8],"_links":{"self":[{"href":"https:\/\/www.sportingcanal.com\/index.php?rest_route=\/wp\/v2\/posts\/5627"}],"collection":[{"href":"https:\/\/www.sportingcanal.com\/index.php?rest_route=\/wp\/v2\/posts"}],"about":[{"href":"https:\/\/www.sportingcanal.com\/index.php?rest_route=\/wp\/v2\/types\/post"}],"author":[{"embeddable":true,"href":"https:\/\/www.sportingcanal.com\/index.php?rest_route=\/wp\/v2\/users\/1"}],"replies":[{"embeddable":true,"href":"https:\/\/www.sportingcanal.com\/index.php?rest_route=%2Fwp%2Fv2%2Fcomments&post=5627"}],"version-history":[{"count":22,"href":"https:\/\/www.sportingcanal.com\/index.php?rest_route=\/wp\/v2\/posts\/5627\/revisions"}],"predecessor-version":[{"id":38220,"href":"https:\/\/www.sportingcanal.com\/index.php?rest_route=\/wp\/v2\/posts\/5627\/revisions\/38220"}],"wp:featuredmedia":[{"embeddable":true,"href":"https:\/\/www.sportingcanal.com\/index.php?rest_route=\/wp\/v2\/media\/38219"}],"wp:attachment":[{"href":"https:\/\/www.sportingcanal.com\/index.php?rest_route=%2Fwp%2Fv2%2Fmedia&parent=5627"}],"wp:term":[{"taxonomy":"category","embeddable":true,"href":"https:\/\/www.sportingcanal.com\/index.php?rest_route=%2Fwp%2Fv2%2Fcategories&post=5627"},{"taxonomy":"post_tag","embeddable":true,"href":"https:\/\/www.sportingcanal.com\/index.php?rest_route=%2Fwp%2Fv2%2Ftags&post=5627"}],"curies":[{"name":"wp","href":"https:\/\/api.w.org\/{rel}","templated":true}]}}