{"id":565,"date":"2025-12-18T08:30:16","date_gmt":"2025-12-18T07:30:16","guid":{"rendered":"http:\/\/www.sportingcanal.com\/?p=565"},"modified":"2025-12-18T17:27:55","modified_gmt":"2025-12-18T16:27:55","slug":"grupo-stromp","status":"publish","type":"post","link":"https:\/\/www.sportingcanal.com\/?p=565","title":{"rendered":"1962 &#8211; Grupo Stromp"},"content":{"rendered":"<p>18 de Dezembro de 1962. Foi constitu\u00eddo o Grupo Stromp, que a partir de 1963, por feliz sugest\u00e3o de um dos seus fundadores, Francisco Silva, passou a atribuir pr\u00e9mios anuais aos sportinguistas que mais se distinguiram. Assim, todos os anos vem \u00e0 mem\u00f3ria de todos a figura que d\u00e1 nome ao galard\u00e3o (na foto), um dos maiores s\u00edmbolos da Hist\u00f3ria leonina, Francisco Stromp.<\/p>\n<p>A atividade do Grupo Stromp vai para al\u00e9m da atribui\u00e7\u00e3o de pr\u00e9mios. Tem feito parte de diferentes iniciativas relacionadas com o clube, sempre de forma materialmente desinteressada e com vista a homenagear todos aqueles que contribuem para o engrandecimento da institui\u00e7\u00e3o.<\/p>\n<p>Este grupo conta hoje em dia com 57 elementos, reunindo-se duas vezes por m\u00eas para analisar as atividades do Sporting com vista \u00e0 atribui\u00e7\u00e3o anual dos seus pr\u00e9mios. O seu presidente atual \u00e9 o conselheiro leonino Jos\u00e9 Carlos Estorninho.<\/p>\n<div class=\"tweetthis\" style=\"text-align:left;\"><p> <a target=\"_blank\" rel=\"nofollow\" class=\"tt\" href=\"http:\/\/twitter.com\/home\/?status=1962+%E2%80%93+Grupo+Stromp+https%3A%2F%2Fis.gd%2FpN9VYX\" title=\"Post to Twitter\"><img decoding=\"async\" class=\"nothumb\" src=\"http:\/\/www.sportingcanal.com\/wp-content\/plugins\/tweet-this\/icons\/en\/twitter\/tt-twitter6.png\" alt=\"Post to Twitter\" \/><\/a><\/p><\/div>","protected":false},"excerpt":{"rendered":"<p>18 de Dezembro de 1962. Foi constitu\u00eddo o Grupo Stromp, que a partir de 1963, por feliz sugest\u00e3o de um dos seus fundadores, Francisco Silva, passou a atribuir pr\u00e9mios anuais aos sportinguistas que mais se distinguiram. Assim, todos os anos vem \u00e0 mem\u00f3ria de todos a figura que d\u00e1 nome ao galard\u00e3o (na foto), um [&hellip;]<\/p>\n","protected":false},"author":1,"featured_media":566,"comment_status":"open","ping_status":"open","sticky":false,"template":"","format":"standard","meta":{"_et_pb_use_builder":"","_et_pb_old_content":"","_et_gb_content_width":"","footnotes":""},"categories":[4],"tags":[],"_links":{"self":[{"href":"https:\/\/www.sportingcanal.com\/index.php?rest_route=\/wp\/v2\/posts\/565"}],"collection":[{"href":"https:\/\/www.sportingcanal.com\/index.php?rest_route=\/wp\/v2\/posts"}],"about":[{"href":"https:\/\/www.sportingcanal.com\/index.php?rest_route=\/wp\/v2\/types\/post"}],"author":[{"embeddable":true,"href":"https:\/\/www.sportingcanal.com\/index.php?rest_route=\/wp\/v2\/users\/1"}],"replies":[{"embeddable":true,"href":"https:\/\/www.sportingcanal.com\/index.php?rest_route=%2Fwp%2Fv2%2Fcomments&post=565"}],"version-history":[{"count":25,"href":"https:\/\/www.sportingcanal.com\/index.php?rest_route=\/wp\/v2\/posts\/565\/revisions"}],"predecessor-version":[{"id":39390,"href":"https:\/\/www.sportingcanal.com\/index.php?rest_route=\/wp\/v2\/posts\/565\/revisions\/39390"}],"wp:featuredmedia":[{"embeddable":true,"href":"https:\/\/www.sportingcanal.com\/index.php?rest_route=\/wp\/v2\/media\/566"}],"wp:attachment":[{"href":"https:\/\/www.sportingcanal.com\/index.php?rest_route=%2Fwp%2Fv2%2Fmedia&parent=565"}],"wp:term":[{"taxonomy":"category","embeddable":true,"href":"https:\/\/www.sportingcanal.com\/index.php?rest_route=%2Fwp%2Fv2%2Fcategories&post=565"},{"taxonomy":"post_tag","embeddable":true,"href":"https:\/\/www.sportingcanal.com\/index.php?rest_route=%2Fwp%2Fv2%2Ftags&post=565"}],"curies":[{"name":"wp","href":"https:\/\/api.w.org\/{rel}","templated":true}]}}