{"id":5663,"date":"2025-07-05T08:30:23","date_gmt":"2025-07-05T07:30:23","guid":{"rendered":"http:\/\/www.sportingcanal.com\/?p=5663"},"modified":"2025-07-05T23:53:54","modified_gmt":"2025-07-05T22:53:54","slug":"de-wilde-um-dos-melhores-belgas-de-sempre-na-baliza-do-sporting","status":"publish","type":"post","link":"https:\/\/www.sportingcanal.com\/?p=5663","title":{"rendered":"De Wilde \u2013 Um dos melhores belgas de sempre, na baliza do Sporting"},"content":{"rendered":"<p>Filip Alfons Annie de Wilde nasceu a 5 de Julho de 1964 em Zelle \u2013 B\u00e9lgica. Com apenas 9 anos come\u00e7ou a jogar Futebol no clube da sua terra, o Eendracht Zele. Em 1980 passou a alinhar num clube de maior proje\u00e7\u00e3o, o Beveren, mas foi no Anderlecht, a partir de 1987 que atingiu um grande estatuto no seu pa\u00eds.<\/p>\n<p>Chegou ao Sporting no Ver\u00e3o de 1996 (proveniente do Anderlecht), constituindo uma aposta do treinador leonino, o seu compatriota Robert Waseige, que afirmou que os le\u00f5es ficavam assim servidos com um super guarda-redes &#8211; que na altura era tamb\u00e9m o titular da Sele\u00e7\u00e3o da B\u00e9lgica.<\/p>\n<p>Estreou-se oficialmente a 23 de Agosto, na Maia, frente ao Sporting de Espinho (triunfo por 3-1) na 1\u00aa jornada do Campeonato Nacional. Nessa 1\u00aa temporada em Alvalade relegou Costinha e Tiago para um plano completamente secund\u00e1rio, alinhando em 38 dos 43 jogos da equipa.<\/p>\n<p>A temporada seguinte foi tumultuosa para os le\u00f5es, que conheceram 4 treinadores! Os maus resultados sucederam-se e, tendo come\u00e7ado a \u00e9poca como titular, De Wilde alinhou pela \u00faltima vez a 4 de Fevereiro de 1998 numa derrota em Braga para a Ta\u00e7a de Portugal por 3-1. A partir da\u00ed o treinador Carlos Manuel apostou em Tiago, pelo que De Wilde acabou por regressar, em Mar\u00e7o, ao Anderlecht, com vista a jogar e marcar presen\u00e7a no Mundial que se aproximava.<\/p>\n<p>Fez um total de 67 jogos oficiais pelos le\u00f5es, sofrendo 49 golos. Estes n\u00fameros fazem dele o 6\u00ba guardi\u00e3o mais dif\u00edcil de bater (ou seja, com m\u00e9dia mais baixa de golos sofridos) da Hist\u00f3ria do Futebol leonino. \u00a0Foi um guarda-redes que deixou bom cartel no Sporting pela sua frieza e agilidade. Ainda assim, nos momentos decisivos, nem sempre respondeu \u00e0 altura.<\/p>\n<p>No Anderlecht voltou a ganhar v\u00e1rios t\u00edtulos. Passou ainda pela Austria (Sturm Graz, em 2003\/04) para regressar no ano seguinte ao seu pa\u00eds, onde jogou ainda no Lokeren e Geel (onte terminou a carreira em 2004\/05).<\/p>\n<p>Foi 33 vezes internacional, tendo marcado presen\u00e7a nos Mundiais de 1990, 1994 e 1998 e no Europeu de 2000.<\/p>\n<div class=\"tweetthis\" style=\"text-align:left;\"><p> <a target=\"_blank\" rel=\"nofollow\" class=\"tt\" href=\"http:\/\/twitter.com\/home\/?status=De+Wilde+%E2%80%93+Um+dos+melhores+belgas+de+sempre%2C+na+baliza+do+Sporting+https%3A%2F%2Fis.gd%2FeN4HgZ\" title=\"Post to Twitter\"><img decoding=\"async\" class=\"nothumb\" src=\"http:\/\/www.sportingcanal.com\/wp-content\/plugins\/tweet-this\/icons\/en\/twitter\/tt-twitter6.png\" alt=\"Post to Twitter\" \/><\/a><\/p><\/div>","protected":false},"excerpt":{"rendered":"<p>Filip Alfons Annie de Wilde nasceu a 5 de Julho de 1964 em Zelle \u2013 B\u00e9lgica. Com apenas 9 anos come\u00e7ou a jogar Futebol no clube da sua terra, o Eendracht Zele. Em 1980 passou a alinhar num clube de maior proje\u00e7\u00e3o, o Beveren, mas foi no Anderlecht, a partir de 1987 que atingiu um [&hellip;]<\/p>\n","protected":false},"author":1,"featured_media":38213,"comment_status":"open","ping_status":"open","sticky":false,"template":"","format":"standard","meta":{"_et_pb_use_builder":"","_et_pb_old_content":"","_et_gb_content_width":"","footnotes":""},"categories":[63],"tags":[8,52],"_links":{"self":[{"href":"https:\/\/www.sportingcanal.com\/index.php?rest_route=\/wp\/v2\/posts\/5663"}],"collection":[{"href":"https:\/\/www.sportingcanal.com\/index.php?rest_route=\/wp\/v2\/posts"}],"about":[{"href":"https:\/\/www.sportingcanal.com\/index.php?rest_route=\/wp\/v2\/types\/post"}],"author":[{"embeddable":true,"href":"https:\/\/www.sportingcanal.com\/index.php?rest_route=\/wp\/v2\/users\/1"}],"replies":[{"embeddable":true,"href":"https:\/\/www.sportingcanal.com\/index.php?rest_route=%2Fwp%2Fv2%2Fcomments&post=5663"}],"version-history":[{"count":24,"href":"https:\/\/www.sportingcanal.com\/index.php?rest_route=\/wp\/v2\/posts\/5663\/revisions"}],"predecessor-version":[{"id":38214,"href":"https:\/\/www.sportingcanal.com\/index.php?rest_route=\/wp\/v2\/posts\/5663\/revisions\/38214"}],"wp:featuredmedia":[{"embeddable":true,"href":"https:\/\/www.sportingcanal.com\/index.php?rest_route=\/wp\/v2\/media\/38213"}],"wp:attachment":[{"href":"https:\/\/www.sportingcanal.com\/index.php?rest_route=%2Fwp%2Fv2%2Fmedia&parent=5663"}],"wp:term":[{"taxonomy":"category","embeddable":true,"href":"https:\/\/www.sportingcanal.com\/index.php?rest_route=%2Fwp%2Fv2%2Fcategories&post=5663"},{"taxonomy":"post_tag","embeddable":true,"href":"https:\/\/www.sportingcanal.com\/index.php?rest_route=%2Fwp%2Fv2%2Ftags&post=5663"}],"curies":[{"name":"wp","href":"https:\/\/api.w.org\/{rel}","templated":true}]}}