{"id":5672,"date":"2025-07-08T08:30:34","date_gmt":"2025-07-08T07:30:34","guid":{"rendered":"http:\/\/www.sportingcanal.com\/?p=5672"},"modified":"2025-07-08T16:29:29","modified_gmt":"2025-07-08T15:29:29","slug":"marinho-centrocampista-competitivo-e-polivalente","status":"publish","type":"post","link":"https:\/\/www.sportingcanal.com\/?p=5672","title":{"rendered":"Marinho \u2013 Competitividade e polival\u00eancia no meio-campo"},"content":{"rendered":"<p>M\u00e1rio Abreu Alves da Silva (conhecido nos meios futebol\u00edsticos por Marinho) nasceu a 8 de Julho de 1954 em Macau, onde viveu at\u00e9 aos 10 anos. Nessa altura a sua fam\u00edlia (o pai era militar) veio para Portugal, fixando-se em Braga. Come\u00e7ou por jogar futebol no clube da \u201ccidade dos Arcebispos\u201d e chegou apenas com 18 anos \u00e0 equipa principal. Logo come\u00e7ou a destacar-se, chegando inclusivamente \u00e0 Sele\u00e7\u00e3o Nacional de Esperan\u00e7as.<\/p>\n<p>No Ver\u00e3o de 1978 foi contratado por Jo\u00e3o Rocha para refor\u00e7ar o meio campo leonino. Estreou-se oficialmente (com o treinador Pavic) a 26 de Agosto na 1\u00aa jornada do Campeonato Nacional (derrota no Bessa por 2-0). Logo nessa 1\u00aa temporada foi habitualmente titular jogando ao lado de Ademar e Ailton, e no ano seguinte p\u00f4de festejar o seu 1\u00ba Campeonato Nacional de \u201cle\u00e3o ao peito\u201d numa equipa comandada por Fernando Mendes e onde jogou com bastante regularidade (20 presen\u00e7as na competi\u00e7\u00e3o principal).<\/p>\n<p>Em 1980\/81 jogou muito menos, mas, curiosamente, foi nessa \u00e9poca que marcou o seu \u00fanico golo oficial pelo Sporting, a 5 de Abril de 1981, num triunfo na P\u00f3voa de Varzim por 3-1. 1981\/82 foi uma grande temporada para o Sporting (com triunfos no Campeonato e Ta\u00e7a de Portugal). Marinho voltou a ser protagonista (Allison apreciava muito a sua polival\u00eancia e competitividade), porque embora n\u00e3o fosse titular indiscut\u00edvel, alinhou em 19 jogos.<\/p>\n<p>1982\/83 foi o seu \u00faltimo ano como futebolista do Sporting. Numa temporada em que Ant\u00f3nio Oliveira (como jogador-treinador) fez quase toda a \u00e9poca como t\u00e9cnico da equipa (Marinho Mateus comandou apenas 5 jogos e Venglos 4), Marinho tomou parte apenas em 14 jogos oficiais. A 16 de Abril de 1983 jogou pela \u00faltima vez num Sporting-Vit\u00f3ria de Set\u00fabal (1-0) a contar para o Campeonato.<\/p>\n<p>Em 5 temporadas fez um total de 103 jogos oficiais pelo Sporting tendo marcado 1 golo. Ganhou 2 Campeonatos Nacionais, uma Ta\u00e7a de Portugal e uma Superta\u00e7a. Deixou a marca dum m\u00e9dio ra\u00e7udo, com um \u201cpulm\u00e3o\u201d assinal\u00e1vel e boa t\u00e9cnica.<\/p>\n<p>Depois jogou ainda 2 anos no Mar\u00edtimo, terminando a carreira de futebolista relativamente cedo, com apenas 31 anos.<\/p>\n<div class=\"tweetthis\" style=\"text-align:left;\"><p> <a target=\"_blank\" rel=\"nofollow\" class=\"tt\" href=\"http:\/\/twitter.com\/home\/?status=Marinho+%E2%80%93+Competitividade+e+polival%C3%AAncia+no+meio-campo+https%3A%2F%2Fis.gd%2FT6B0se\" title=\"Post to Twitter\"><img decoding=\"async\" class=\"nothumb\" src=\"http:\/\/www.sportingcanal.com\/wp-content\/plugins\/tweet-this\/icons\/en\/twitter\/tt-twitter6.png\" alt=\"Post to Twitter\" \/><\/a><\/p><\/div>","protected":false},"excerpt":{"rendered":"<p>M\u00e1rio Abreu Alves da Silva (conhecido nos meios futebol\u00edsticos por Marinho) nasceu a 8 de Julho de 1954 em Macau, onde viveu at\u00e9 aos 10 anos. Nessa altura a sua fam\u00edlia (o pai era militar) veio para Portugal, fixando-se em Braga. Come\u00e7ou por jogar futebol no clube da \u201ccidade dos Arcebispos\u201d e chegou apenas com [&hellip;]<\/p>\n","protected":false},"author":1,"featured_media":38240,"comment_status":"open","ping_status":"open","sticky":false,"template":"","format":"standard","meta":{"_et_pb_use_builder":"","_et_pb_old_content":"","_et_gb_content_width":"","footnotes":""},"categories":[63],"tags":[8,64],"_links":{"self":[{"href":"https:\/\/www.sportingcanal.com\/index.php?rest_route=\/wp\/v2\/posts\/5672"}],"collection":[{"href":"https:\/\/www.sportingcanal.com\/index.php?rest_route=\/wp\/v2\/posts"}],"about":[{"href":"https:\/\/www.sportingcanal.com\/index.php?rest_route=\/wp\/v2\/types\/post"}],"author":[{"embeddable":true,"href":"https:\/\/www.sportingcanal.com\/index.php?rest_route=\/wp\/v2\/users\/1"}],"replies":[{"embeddable":true,"href":"https:\/\/www.sportingcanal.com\/index.php?rest_route=%2Fwp%2Fv2%2Fcomments&post=5672"}],"version-history":[{"count":24,"href":"https:\/\/www.sportingcanal.com\/index.php?rest_route=\/wp\/v2\/posts\/5672\/revisions"}],"predecessor-version":[{"id":38241,"href":"https:\/\/www.sportingcanal.com\/index.php?rest_route=\/wp\/v2\/posts\/5672\/revisions\/38241"}],"wp:featuredmedia":[{"embeddable":true,"href":"https:\/\/www.sportingcanal.com\/index.php?rest_route=\/wp\/v2\/media\/38240"}],"wp:attachment":[{"href":"https:\/\/www.sportingcanal.com\/index.php?rest_route=%2Fwp%2Fv2%2Fmedia&parent=5672"}],"wp:term":[{"taxonomy":"category","embeddable":true,"href":"https:\/\/www.sportingcanal.com\/index.php?rest_route=%2Fwp%2Fv2%2Fcategories&post=5672"},{"taxonomy":"post_tag","embeddable":true,"href":"https:\/\/www.sportingcanal.com\/index.php?rest_route=%2Fwp%2Fv2%2Ftags&post=5672"}],"curies":[{"name":"wp","href":"https:\/\/api.w.org\/{rel}","templated":true}]}}