{"id":5676,"date":"2025-07-08T08:00:30","date_gmt":"2025-07-08T07:00:30","guid":{"rendered":"http:\/\/www.sportingcanal.com\/?p=5676"},"modified":"2025-07-08T16:29:21","modified_gmt":"2025-07-08T15:29:21","slug":"vadinho-um-minino-da-mamae-com-muita-classe","status":"publish","type":"post","link":"https:\/\/www.sportingcanal.com\/?p=5676","title":{"rendered":"Vadinho \u2013 Um \u201cminino da mam\u00e3e\u201d com muita classe"},"content":{"rendered":"<p>Osvaldo Chaves Cordeiro (Vadinho) nasceu a 8 de Julho de 1933 no Brasil. Cedo lhe foi detetado grande talento para o futebol, e no Vasco da Gama ganhou fama. Chegou ao Sporting no Ver\u00e3o de 1957. Estreou-se oficialmente (com o treinador Enrique Fern\u00e1ndez) a 15 de Setembro numa vit\u00f3ria em Coimbra por 1-0 (para a 2\u00aa jornada do Campeonato). Marcou o 1\u00ba golo duas semanas depois num empate 3-3 no Restelo.<\/p>\n<p>Nessa temporada os le\u00f5es chegaram ao t\u00edtulo nacional, e Vadinho foi o avan\u00e7ado-centro \u201cde servi\u00e7o\u201d, com 29 jogos oficiais e 17 golos marcados. No final do jogo do t\u00edtulo, em Alvalade (3-0 ao Caldas) afirmou emocionado aos microfones da r\u00e1dio: \u201cDedico esta vit\u00f3ria \u00e0 minha mam\u00e3e&#8230;\u201d No instante seguinte desmaiou!&#8230;<\/p>\n<p>Terminada a sua 1\u00aa temporada (de grande sucesso) no Sporting, viveu uma verdadeira \u201ctelenovela\u201d de defeso no Brasil. O que se passou foi que a m\u00e3e n\u00e3o o queria deixar regressar a Portugal, o que s\u00f3 conseguiu fazer a 19 de Dezembro! Naturalmente a sua \u00e9poca ficou comprometida, acabando por participar apenas em 10 jogos (6 golos).<\/p>\n<p>Para 1959\/60 chegou a Alvalade, tamb\u00e9m do Brasil, um magn\u00edfico goleador (Fernando Puglia), pelo que Vadinho teve grandes dificuldades para jogar. Ainda assim manteve uma razo\u00e1vel efic\u00e1cia com 9 golos em 17 apari\u00e7\u00f5es. Naquela que foi, provavelmente, a sua tarde de maior esplendor como \u201cle\u00e3o\u201d, a 24 de Janeiro de 1960, marcou 3 golos ao Porto num triunfo magn\u00edfico por 6-1 em Alvalade.<\/p>\n<p>No ano seguinte fez apenas 1 jogo (a 9 de Abril de 1961), e logo frente ao Benfica, o seu \u00faltimo de verde e branco (empate 1-1). Marcara o \u00faltimo golo j\u00e1 na temporada anterior, a 29 de Maio de 1960, num empate (1-1) em Alc\u00e2ntara frente ao Atl\u00e9tico CP.<\/p>\n<p>Esteve um total de 4 \u00e9pocas no Sporting. Alinhou em 57 jogos oficiais e marcou 32 golos. Ganhou 1 Campeonato Nacional. Apesar da sua relativamente curta estada em Alvalade muitos o recordam com saudade, e n\u00e3o fosse aquela \u201chist\u00f3ria\u201d logo no final da 1\u00aa temporada no Sporting e mais problemas familiares que se sucederam (e que abundaram na \u00faltima temporada de verde e branco) poderia ter tido ainda maior protagonismo, pois potencial n\u00e3o lhe faltava\u2026<\/p>\n<table border=\"1\" width=\"281\" cellspacing=\"0\" cellpadding=\"0\">\n<tbody>\n<tr>\n<td colspan=\"5\" valign=\"top\" width=\"281\"><strong>GOLOS de VADINHO no SPORTING<\/strong><\/td>\n<\/tr>\n<tr>\n<td valign=\"top\" width=\"73\">\u00c9POCA<\/td>\n<td valign=\"top\" width=\"45\">TC<\/td>\n<td valign=\"top\" width=\"45\">CN<\/td>\n<td valign=\"top\" width=\"45\">TP<\/td>\n<td valign=\"top\" width=\"72\">TOTAL<\/td>\n<\/tr>\n<tr>\n<td valign=\"top\" width=\"73\">1957\/58<\/td>\n<td valign=\"top\" width=\"45\">&#8211;<\/td>\n<td valign=\"top\" width=\"45\">17<\/td>\n<td valign=\"top\" width=\"45\">0<\/td>\n<td valign=\"top\" width=\"72\">17<\/td>\n<\/tr>\n<tr>\n<td valign=\"top\" width=\"73\">1958\/59<\/td>\n<td valign=\"top\" width=\"45\">0<\/td>\n<td valign=\"top\" width=\"45\">0<\/td>\n<td valign=\"top\" width=\"45\">6<\/td>\n<td valign=\"top\" width=\"72\">6<\/td>\n<\/tr>\n<tr>\n<td valign=\"top\" width=\"73\">1959\/60<\/td>\n<td valign=\"top\" width=\"45\">&#8211;<\/td>\n<td valign=\"top\" width=\"45\">7<\/td>\n<td valign=\"top\" width=\"45\">2<\/td>\n<td valign=\"top\" width=\"72\">9<\/td>\n<\/tr>\n<tr>\n<td valign=\"top\" width=\"73\">1960\/61<\/td>\n<td valign=\"top\" width=\"45\">&#8211;<\/td>\n<td valign=\"top\" width=\"45\">0<\/td>\n<td valign=\"top\" width=\"45\">0<\/td>\n<td valign=\"top\" width=\"72\">0<\/td>\n<\/tr>\n<tr>\n<td valign=\"top\" width=\"73\"><strong>Total<\/strong><\/td>\n<td valign=\"top\" width=\"45\"><strong>0<\/strong><\/td>\n<td valign=\"top\" width=\"45\"><strong>24<\/strong><\/td>\n<td valign=\"top\" width=\"45\"><strong>8<\/strong><\/td>\n<td valign=\"top\" width=\"72\"><strong>32<\/strong><\/td>\n<\/tr>\n<\/tbody>\n<\/table>\n<div class=\"tweetthis\" style=\"text-align:left;\"><p> <a target=\"_blank\" rel=\"nofollow\" class=\"tt\" href=\"http:\/\/twitter.com\/home\/?status=Vadinho+%E2%80%93+Um+%E2%80%9Cminino+da+mam%C3%A3e%E2%80%9D+com+muita+classe+https%3A%2F%2Fis.gd%2FDeOwE1\" title=\"Post to Twitter\"><img decoding=\"async\" class=\"nothumb\" src=\"http:\/\/www.sportingcanal.com\/wp-content\/plugins\/tweet-this\/icons\/en\/twitter\/tt-twitter6.png\" alt=\"Post to Twitter\" \/><\/a><\/p><\/div>","protected":false},"excerpt":{"rendered":"<p>Osvaldo Chaves Cordeiro (Vadinho) nasceu a 8 de Julho de 1933 no Brasil. Cedo lhe foi detetado grande talento para o futebol, e no Vasco da Gama ganhou fama. Chegou ao Sporting no Ver\u00e3o de 1957. Estreou-se oficialmente (com o treinador Enrique Fern\u00e1ndez) a 15 de Setembro numa vit\u00f3ria em Coimbra por 1-0 (para a [&hellip;]<\/p>\n","protected":false},"author":1,"featured_media":38228,"comment_status":"open","ping_status":"open","sticky":false,"template":"","format":"standard","meta":{"_et_pb_use_builder":"","_et_pb_old_content":"","_et_gb_content_width":"","footnotes":""},"categories":[63],"tags":[66,8],"_links":{"self":[{"href":"https:\/\/www.sportingcanal.com\/index.php?rest_route=\/wp\/v2\/posts\/5676"}],"collection":[{"href":"https:\/\/www.sportingcanal.com\/index.php?rest_route=\/wp\/v2\/posts"}],"about":[{"href":"https:\/\/www.sportingcanal.com\/index.php?rest_route=\/wp\/v2\/types\/post"}],"author":[{"embeddable":true,"href":"https:\/\/www.sportingcanal.com\/index.php?rest_route=\/wp\/v2\/users\/1"}],"replies":[{"embeddable":true,"href":"https:\/\/www.sportingcanal.com\/index.php?rest_route=%2Fwp%2Fv2%2Fcomments&post=5676"}],"version-history":[{"count":22,"href":"https:\/\/www.sportingcanal.com\/index.php?rest_route=\/wp\/v2\/posts\/5676\/revisions"}],"predecessor-version":[{"id":38229,"href":"https:\/\/www.sportingcanal.com\/index.php?rest_route=\/wp\/v2\/posts\/5676\/revisions\/38229"}],"wp:featuredmedia":[{"embeddable":true,"href":"https:\/\/www.sportingcanal.com\/index.php?rest_route=\/wp\/v2\/media\/38228"}],"wp:attachment":[{"href":"https:\/\/www.sportingcanal.com\/index.php?rest_route=%2Fwp%2Fv2%2Fmedia&parent=5676"}],"wp:term":[{"taxonomy":"category","embeddable":true,"href":"https:\/\/www.sportingcanal.com\/index.php?rest_route=%2Fwp%2Fv2%2Fcategories&post=5676"},{"taxonomy":"post_tag","embeddable":true,"href":"https:\/\/www.sportingcanal.com\/index.php?rest_route=%2Fwp%2Fv2%2Ftags&post=5676"}],"curies":[{"name":"wp","href":"https:\/\/api.w.org\/{rel}","templated":true}]}}