{"id":5679,"date":"2025-07-09T08:30:36","date_gmt":"2025-07-09T07:30:36","guid":{"rendered":"http:\/\/www.sportingcanal.com\/?p=5679"},"modified":"2025-07-09T10:42:59","modified_gmt":"2025-07-09T09:42:59","slug":"fernando-mamede-responde-a-letra-e-tira-recorde-europeu-dos-10-000-metros-a-carlos-lopes","status":"publish","type":"post","link":"https:\/\/www.sportingcanal.com\/?p=5679","title":{"rendered":"1982 &#8211; Fernando Mamede \u201cresponde \u00e0 letra\u201d e tira recorde europeu dos 10.000 metros a Carlos Lopes"},"content":{"rendered":"<p>9 de Julho de 1982. Nesse dia, em Paris, Fernando Mamede bateu o recorde europeu dos 10.000 metros (que pertencia a Carlos Lopes), ficando pert\u00edssimo do m\u00e1ximo mundial.<\/p>\n<p>Duas semanas antes, em Oslo, Carlos Lopes apoderara-se do recorde europeu, mas desta vez Mamede n\u00e3o deu hip\u00f3teses a ningu\u00e9m. No entanto o feito soube a pouco ao grande campe\u00e3o leonino:\u00a0\u201cO que eu queria era o recorde do mundo, e para o alcan\u00e7ar deixei de ir 13 dias antes a uma prova muito importante em Oslo, apostando tudo na tentativa de Paris\u201d.<\/p>\n<p>Para isso contava com o norte-americano (desertado de Cuba) Alberto Salazar, que era um bom rebocador, mas ele decidiu correr em Oslo e chegou \u00e0 capital francesa cansado&#8230; \u201cAconteceu que a prova de Oslo foi espetacular e o Lopes bateu o recorde, de tal modo que a minha anterior melhor marca passou para 6\u00aa ou 7\u00aa de todos os tempos&#8230;&#8221;<\/p>\n<p>O recorde do mundo era pois o objetivo de Paris. &#8220;A corrida foi bem conduzida. O Alberto Salazar ajudou depois dos 5.000 metros, s\u00f3 que a \u00faltima parte foi um pouco complicada. \u00c9 verdade que bati o recorde da Europa com menos 1 segundo e meio que a marca de Oslo, mas fiquei a 45 cent\u00e9simos de segundo do recorde do mundo, uma diferen\u00e7a inacredit\u00e1vel nesta dist\u00e2ncia. Voltei a ser recordista da Europa mas soube-me a pouco\u201d.<\/p>\n<p>Perante um est\u00e1dio a abarrotar de gente batendo palmas de forma sincopada o fant\u00e1stico atleta leonino fez a marca de 27m22,95s. Curioso o facto de Fernando Mamede ter recebido 1.500 d\u00f3lares na ocasi\u00e3o, enquanto o norte-americano Alberto Salazar, por ele claramente batido, arrecadou 10.000 &#8211; a pouca capacidade de negocia\u00e7\u00e3o dos atletas portugueses&#8230; Curioso tamb\u00e9m o elogio de Mamede ao seu companheiro e rival: \u201cDevo esta proeza a Carlos Lopes! Foi o seu exemplo e a sua garra que me estimularam. Infelizmente, s\u00f3 me faltou um pouco mais de ajuda nesta corrida, sen\u00e3o teria batido o record do Mundo\u201d.<\/p>\n<div class=\"tweetthis\" style=\"text-align:left;\"><p> <a target=\"_blank\" rel=\"nofollow\" class=\"tt\" href=\"http:\/\/twitter.com\/home\/?status=1982+%E2%80%93+Fernando+Mamede+%E2%80%9Cresponde+%C3%A0+letra%E2%80%9D+e+tira+recorde+europeu+dos+10.000+metros+a+Carlos+Lopes+https%3A%2F%2Fis.gd%2FOYIKV8\" title=\"Post to Twitter\"><img decoding=\"async\" class=\"nothumb\" src=\"http:\/\/www.sportingcanal.com\/wp-content\/plugins\/tweet-this\/icons\/en\/twitter\/tt-twitter6.png\" alt=\"Post to Twitter\" \/><\/a><\/p><\/div>","protected":false},"excerpt":{"rendered":"<p>9 de Julho de 1982. Nesse dia, em Paris, Fernando Mamede bateu o recorde europeu dos 10.000 metros (que pertencia a Carlos Lopes), ficando pert\u00edssimo do m\u00e1ximo mundial. Duas semanas antes, em Oslo, Carlos Lopes apoderara-se do recorde europeu, mas desta vez Mamede n\u00e3o deu hip\u00f3teses a ningu\u00e9m. No entanto o feito soube a pouco [&hellip;]<\/p>\n","protected":false},"author":1,"featured_media":38238,"comment_status":"open","ping_status":"open","sticky":false,"template":"","format":"standard","meta":{"_et_pb_use_builder":"","_et_pb_old_content":"","_et_gb_content_width":"","footnotes":""},"categories":[4],"tags":[21,26],"_links":{"self":[{"href":"https:\/\/www.sportingcanal.com\/index.php?rest_route=\/wp\/v2\/posts\/5679"}],"collection":[{"href":"https:\/\/www.sportingcanal.com\/index.php?rest_route=\/wp\/v2\/posts"}],"about":[{"href":"https:\/\/www.sportingcanal.com\/index.php?rest_route=\/wp\/v2\/types\/post"}],"author":[{"embeddable":true,"href":"https:\/\/www.sportingcanal.com\/index.php?rest_route=\/wp\/v2\/users\/1"}],"replies":[{"embeddable":true,"href":"https:\/\/www.sportingcanal.com\/index.php?rest_route=%2Fwp%2Fv2%2Fcomments&post=5679"}],"version-history":[{"count":23,"href":"https:\/\/www.sportingcanal.com\/index.php?rest_route=\/wp\/v2\/posts\/5679\/revisions"}],"predecessor-version":[{"id":38239,"href":"https:\/\/www.sportingcanal.com\/index.php?rest_route=\/wp\/v2\/posts\/5679\/revisions\/38239"}],"wp:featuredmedia":[{"embeddable":true,"href":"https:\/\/www.sportingcanal.com\/index.php?rest_route=\/wp\/v2\/media\/38238"}],"wp:attachment":[{"href":"https:\/\/www.sportingcanal.com\/index.php?rest_route=%2Fwp%2Fv2%2Fmedia&parent=5679"}],"wp:term":[{"taxonomy":"category","embeddable":true,"href":"https:\/\/www.sportingcanal.com\/index.php?rest_route=%2Fwp%2Fv2%2Fcategories&post=5679"},{"taxonomy":"post_tag","embeddable":true,"href":"https:\/\/www.sportingcanal.com\/index.php?rest_route=%2Fwp%2Fv2%2Ftags&post=5679"}],"curies":[{"name":"wp","href":"https:\/\/api.w.org\/{rel}","templated":true}]}}