{"id":5689,"date":"2025-07-10T09:00:20","date_gmt":"2025-07-10T08:00:20","guid":{"rendered":"http:\/\/www.sportingcanal.com\/?p=5689"},"modified":"2025-07-10T16:11:32","modified_gmt":"2025-07-10T15:11:32","slug":"nogueira-todas-as-virtudes-dum-grande-centrocampista","status":"publish","type":"post","link":"https:\/\/www.sportingcanal.com\/?p=5689","title":{"rendered":"Nogueira \u2013 Todas as virtudes dum grande centrocampista"},"content":{"rendered":"<p>Ant\u00f3nio Manuel da Costa Nogueira nasceu a 10 de Julho de 1951 em Lisboa. Come\u00e7ou por dar nas vistas no Atl\u00e9tico CP onde permaneceu v\u00e1rios anos (inclusivamente na 1\u00aa divis\u00e3o). Depois esteve no Braga e no Boavista, mas foi em 2 anos no Belenenses que atingiu um patamar muito elevado chegando \u00e0 Sele\u00e7\u00e3o Nacional &#8211; que representou por uma vez (marcou no triunfo por 2-0 sobre a Espanha numa altura em que j\u00e1 se sabia que iria para o Sporting).<\/p>\n<p>Chegou a Alvalade aos 30 anos, no Ver\u00e3o de 1981, mas ainda a tempo de se destacar no clube. Estreou-se oficialmente (com Malcolm Allison) a 30 de Agosto (e logo com 1 golo) num triunfo em Viseu por 2-0 para a 2\u00aa jornada do Campeonato Nacional. Foi uma das pe\u00e7as fundamentais na equipa de Allison que conquistou a \u201cdobradinha\u201d ao realizar 34 jogos oficiais (2 golos), e formar com Virg\u00edlio e Ademar um meio campo de combate que suportava o g\u00e9nio dos 3 homens mais adiantados (Oliveira, Manuel Fernandes e Jord\u00e3o).<\/p>\n<p>Na temporada seguinte (apesar da chegada dos refor\u00e7os Kostov e Festas \u2013 para o mesmo setor em que alinhava) voltou a ser muito utilizado (32 jogos), mas acabou por sair no final duma campanha em que os le\u00f5es triunfaram apenas na Superta\u00e7a (em in\u00edcio de \u00e9poca). A 5 de Junho de 1983 jogou pela \u00faltima vez com o \u201cle\u00e3o ao peito\u201d num Sporting-Vit\u00f3ria de Guimar\u00e3es (1-0) a contar para a \u00faltima jornada do Campeonato.<\/p>\n<p>Nas duas \u00e9pocas em que equipou de verde e branco realizou 66 jogos oficiais e marcou 2 golos. Ganhou 1 Campeonato Nacional, uma Ta\u00e7a de Portugal e uma Superta\u00e7a. Apesar de ter estado apenas duas \u00e9pocas no clube deixou uma imagem forte de centrocampista tremendamente competitivo, de muita for\u00e7a, mas que ao mesmo tempo era detentor de \u00f3timas capacidades t\u00e9cnicas e t\u00e1ticas.<\/p>\n<p>Depois da sua sa\u00edda do Sporting alinhou no Recreio de \u00c1gueda &#8211; onde permaneceu 4 temporadas antes de terminar a carreira.<\/p>\n<div class=\"tweetthis\" style=\"text-align:left;\"><p> <a target=\"_blank\" rel=\"nofollow\" class=\"tt\" href=\"http:\/\/twitter.com\/home\/?status=Nogueira+%E2%80%93+Todas+as+virtudes+dum+grande+centrocampista+https%3A%2F%2Fis.gd%2FjOEPAl\" title=\"Post to Twitter\"><img decoding=\"async\" class=\"nothumb\" src=\"http:\/\/www.sportingcanal.com\/wp-content\/plugins\/tweet-this\/icons\/en\/twitter\/tt-twitter6.png\" alt=\"Post to Twitter\" \/><\/a><\/p><\/div>","protected":false},"excerpt":{"rendered":"<p>Ant\u00f3nio Manuel da Costa Nogueira nasceu a 10 de Julho de 1951 em Lisboa. Come\u00e7ou por dar nas vistas no Atl\u00e9tico CP onde permaneceu v\u00e1rios anos (inclusivamente na 1\u00aa divis\u00e3o). Depois esteve no Braga e no Boavista, mas foi em 2 anos no Belenenses que atingiu um patamar muito elevado chegando \u00e0 Sele\u00e7\u00e3o Nacional &#8211; [&hellip;]<\/p>\n","protected":false},"author":1,"featured_media":38247,"comment_status":"open","ping_status":"open","sticky":false,"template":"","format":"standard","meta":{"_et_pb_use_builder":"","_et_pb_old_content":"","_et_gb_content_width":"","footnotes":""},"categories":[63],"tags":[8,64],"_links":{"self":[{"href":"https:\/\/www.sportingcanal.com\/index.php?rest_route=\/wp\/v2\/posts\/5689"}],"collection":[{"href":"https:\/\/www.sportingcanal.com\/index.php?rest_route=\/wp\/v2\/posts"}],"about":[{"href":"https:\/\/www.sportingcanal.com\/index.php?rest_route=\/wp\/v2\/types\/post"}],"author":[{"embeddable":true,"href":"https:\/\/www.sportingcanal.com\/index.php?rest_route=\/wp\/v2\/users\/1"}],"replies":[{"embeddable":true,"href":"https:\/\/www.sportingcanal.com\/index.php?rest_route=%2Fwp%2Fv2%2Fcomments&post=5689"}],"version-history":[{"count":20,"href":"https:\/\/www.sportingcanal.com\/index.php?rest_route=\/wp\/v2\/posts\/5689\/revisions"}],"predecessor-version":[{"id":38248,"href":"https:\/\/www.sportingcanal.com\/index.php?rest_route=\/wp\/v2\/posts\/5689\/revisions\/38248"}],"wp:featuredmedia":[{"embeddable":true,"href":"https:\/\/www.sportingcanal.com\/index.php?rest_route=\/wp\/v2\/media\/38247"}],"wp:attachment":[{"href":"https:\/\/www.sportingcanal.com\/index.php?rest_route=%2Fwp%2Fv2%2Fmedia&parent=5689"}],"wp:term":[{"taxonomy":"category","embeddable":true,"href":"https:\/\/www.sportingcanal.com\/index.php?rest_route=%2Fwp%2Fv2%2Fcategories&post=5689"},{"taxonomy":"post_tag","embeddable":true,"href":"https:\/\/www.sportingcanal.com\/index.php?rest_route=%2Fwp%2Fv2%2Ftags&post=5689"}],"curies":[{"name":"wp","href":"https:\/\/api.w.org\/{rel}","templated":true}]}}