{"id":570,"date":"2026-03-16T08:00:57","date_gmt":"2026-03-16T07:00:57","guid":{"rendered":"http:\/\/www.sportingcanal.com\/?p=570"},"modified":"2026-03-17T14:28:37","modified_gmt":"2026-03-17T13:28:37","slug":"jose-garnel","status":"publish","type":"post","link":"https:\/\/www.sportingcanal.com\/?p=570","title":{"rendered":"Jos\u00e9 Garnel"},"content":{"rendered":"<p>Jos\u00e9 Garnel Pinto Junior nasceu a 16 de Mar\u00e7o de 1898. Surgiu no Sporting (o seu 1\u00ba e \u00fanico clube) em 1926 onde se come\u00e7ou a mostrar um lan\u00e7ador de elei\u00e7\u00e3o.\u00a0Logo nessa 1\u00aa temporada sagrou-se campe\u00e3o do clube (prova que se realizava na altura) dos lan\u00e7amentos do dardo, disco e peso. Nos Campeonatos de Lisboa venceu no disco e no peso, para nos Nacionais levar a melhor no disco, sempre sob a orienta\u00e7\u00e3o de Salazar Carreira. No final da \u00e9poca j\u00e1 era detentor do recorde nacional do lan\u00e7amento do disco, com 35m63cm.<\/p>\n<p>No ano seguinte, apesar da grave crise financeira que o clube atravessava (muito por culpa do baixo rendimento moment\u00e2neo no Futebol), Garnel consolidou o seu valor ao triunfar nos Regionais (disco), no 1\u00ba Porto-Lisboa (disco e peso) e no concurso do Acad\u00e9mico (disco e peso). A partir da\u00ed foi um acumular impressionante de vit\u00f3rias e recordes.<\/p>\n<p>Em 1930 o jornal &#8220;Sporting&#8221; publicou uma lista dos le\u00f5es campe\u00f5es nacionais de Atletismo, e a\u00ed Garnel j\u00e1 liderava, com 9 vit\u00f3rias.<\/p>\n<p>Em 1932 bateu o recorde nacional do lan\u00e7amento do peso com 13m07cm. Em Outubro de 1933, no jornal \u201cOs Sports\u201d, veio referenciado como o atleta nacional mais vezes campe\u00e3o de Portugal, a\u00ed j\u00e1 com 13 t\u00edtulos.<\/p>\n<p>Competiu ao mais alto n\u00edvel at\u00e9 1935 ficando depois como orientador t\u00e9cnico dos seus disc\u00edpulos, o mais medi\u00e1tico dos quais foi Em\u00eddio Ruivo. Para al\u00e9m de in\u00fameros t\u00edtulos regionais, foi Campe\u00e3o Nacional do lan\u00e7amento do peso por 7 vezes, do disco por 5, e do dardo por duas vezes.<\/p>\n<p>Foi recordista nacional do lan\u00e7amento do peso de 1932 a 1939, do disco em 1926 e 1927 e do dardo entre 1932 e 1937. A partir deste ano passou a disputar-se a Ta\u00e7a Jos\u00e9 Garnel, uma importante competi\u00e7\u00e3o de Atletismo que homenageava o melhor atleta de sempre at\u00e9 \u00e0 altura.<\/p>\n<div class=\"tweetthis\" style=\"text-align:left;\"><p> <a target=\"_blank\" rel=\"nofollow\" class=\"tt\" href=\"http:\/\/twitter.com\/home\/?status=Jos%C3%A9+Garnel+https%3A%2F%2Fis.gd%2FGbMvL3\" title=\"Post to Twitter\"><img decoding=\"async\" class=\"nothumb\" src=\"http:\/\/www.sportingcanal.com\/wp-content\/plugins\/tweet-this\/icons\/en\/twitter\/tt-twitter6.png\" alt=\"Post to Twitter\" \/><\/a><\/p><\/div>","protected":false},"excerpt":{"rendered":"<p>Jos\u00e9 Garnel Pinto Junior nasceu a 16 de Mar\u00e7o de 1898. Surgiu no Sporting (o seu 1\u00ba e \u00fanico clube) em 1926 onde se come\u00e7ou a mostrar um lan\u00e7ador de elei\u00e7\u00e3o.\u00a0Logo nessa 1\u00aa temporada sagrou-se campe\u00e3o do clube (prova que se realizava na altura) dos lan\u00e7amentos do dardo, disco e peso. Nos Campeonatos de Lisboa [&hellip;]<\/p>\n","protected":false},"author":1,"featured_media":571,"comment_status":"open","ping_status":"open","sticky":false,"template":"","format":"standard","meta":{"_et_pb_use_builder":"","_et_pb_old_content":"","_et_gb_content_width":"","footnotes":""},"categories":[13],"tags":[21,254],"_links":{"self":[{"href":"https:\/\/www.sportingcanal.com\/index.php?rest_route=\/wp\/v2\/posts\/570"}],"collection":[{"href":"https:\/\/www.sportingcanal.com\/index.php?rest_route=\/wp\/v2\/posts"}],"about":[{"href":"https:\/\/www.sportingcanal.com\/index.php?rest_route=\/wp\/v2\/types\/post"}],"author":[{"embeddable":true,"href":"https:\/\/www.sportingcanal.com\/index.php?rest_route=\/wp\/v2\/users\/1"}],"replies":[{"embeddable":true,"href":"https:\/\/www.sportingcanal.com\/index.php?rest_route=%2Fwp%2Fv2%2Fcomments&post=570"}],"version-history":[{"count":25,"href":"https:\/\/www.sportingcanal.com\/index.php?rest_route=\/wp\/v2\/posts\/570\/revisions"}],"predecessor-version":[{"id":39833,"href":"https:\/\/www.sportingcanal.com\/index.php?rest_route=\/wp\/v2\/posts\/570\/revisions\/39833"}],"wp:featuredmedia":[{"embeddable":true,"href":"https:\/\/www.sportingcanal.com\/index.php?rest_route=\/wp\/v2\/media\/571"}],"wp:attachment":[{"href":"https:\/\/www.sportingcanal.com\/index.php?rest_route=%2Fwp%2Fv2%2Fmedia&parent=570"}],"wp:term":[{"taxonomy":"category","embeddable":true,"href":"https:\/\/www.sportingcanal.com\/index.php?rest_route=%2Fwp%2Fv2%2Fcategories&post=570"},{"taxonomy":"post_tag","embeddable":true,"href":"https:\/\/www.sportingcanal.com\/index.php?rest_route=%2Fwp%2Fv2%2Ftags&post=570"}],"curies":[{"name":"wp","href":"https:\/\/api.w.org\/{rel}","templated":true}]}}