{"id":5749,"date":"2025-07-14T08:35:12","date_gmt":"2025-07-14T07:35:12","guid":{"rendered":"http:\/\/www.sportingcanal.com\/?p=5749"},"modified":"2025-07-14T11:17:43","modified_gmt":"2025-07-14T10:17:43","slug":"derlei-o-ninja-deixou-saudades-em-alvalade","status":"publish","type":"post","link":"https:\/\/www.sportingcanal.com\/?p=5749","title":{"rendered":"Derlei \u2013 O \u201cNinja\u201d"},"content":{"rendered":"<p>Vanderlei Fernandes Silva (conhecido no &#8220;mundo do futebol&#8221; por Derlei) nasceu a 14 de Julho de 1975 em S. Bernardo do Campo \u2013 Brasil. Jogou em clubes como o Am\u00e9rica, Guarani e Madureira antes de chegar a Portugal, para a Uni\u00e3o de Leiria, em 1999.<\/p>\n<p>Brilhou a grande altura na equipa da \u201ccidade do Lis\u201d e esteve pert\u00edssimo de assinar pelo Sporting no mercado de Janeiro de 2001\/02. Infelizmente n\u00e3o houve acordo de verbas, e poucos meses depois Jos\u00e9 Mourinho levou-o para o Porto (j\u00e1 o tinha treinado em Leiria). Na \u201ccidade invicta\u201d provou toda a sua classe e ganhou tudo a n\u00edvel nacional e europeu, sempre com alt\u00edssimo rendimento, passando depois 2 anos no Dinamo de Moscovo.<\/p>\n<p>No Ver\u00e3o de 2007 constituiu uma aposta (algo surpreendente) do Sporting ap\u00f3s permanecer sem sucesso durante meia \u00e9poca no Benfica. A sua contrata\u00e7\u00e3o gerou opini\u00f5es muito d\u00edspares entre os sportinguistas pois j\u00e1 contava 32 anos. Estreou-se oficialmente a 11 de Agosto (com o t\u00e9cnico Paulo Bento), em Leiria, numa vit\u00f3ria do Sporting frente ao Porto para a Superta\u00e7a (1-0). 6 dias depois, na 1\u00aa jornada do Campeonato, marcou pela 1\u00aa vez, num Sporting-Acad\u00e9mica (4-1). A 16 de Abril de 2008 regressou \u00e0 equipa ap\u00f3s 8 meses lesionado, sendo pedra fulcral (pela forma como \u201cempurrou&#8221; os companheiros ap\u00f3s uma desvantagem de 2-0) num lend\u00e1rio Sporting-Benfica (5-3) para as meias-finais da Ta\u00e7a de Portugal. Acabou, obviamente, por jogar pouco nessa \u00e9poca, somando apenas 7 presen\u00e7as e 2 golos.<\/p>\n<p>Na temporada seguinte, em boas condi\u00e7\u00f5es f\u00edsicas, formou uma bela dupla de ataque com Liedson. Sempre muito voluntarioso percorria toda a frente de ataque fazendo uso da sua enorme disponibilidade, boa t\u00e9cnica e capacidade de remate. Esteve presente em 35 jogos e apontou 11 golos. Apesar da sua presta\u00e7\u00e3o muito satisfat\u00f3ria, o peso dos seus 34 anos fez com que os dirigentes leoninos optassem por n\u00e3o lhe satisfazer as exig\u00eancias na renova\u00e7\u00e3o do contrato. Assim, a 24 de Maio de 2009 alinhou pela \u00faltima vez pelos le\u00f5es, na \u00faltima jornada do Campeonato, e marcou por duas vezes numa vit\u00f3ria por 3-1 sobre o Nacional da Madeira.<\/p>\n<p>Fez um total de 42 jogos oficiais pelo Sporting tendo marcado 13 golos. Ganhou uma Ta\u00e7a de Portugal e duas Superta\u00e7as.<\/p>\n<p>No seu pa\u00eds ainda jogou no Vit\u00f3ria da Ba\u00eda e Madureira, onde terminou uma carreira magn\u00edfica.<\/p>\n<div class=\"tweetthis\" style=\"text-align:left;\"><p> <a target=\"_blank\" rel=\"nofollow\" class=\"tt\" href=\"http:\/\/twitter.com\/home\/?status=Derlei+%E2%80%93+O+%E2%80%9CNinja%E2%80%9D+https%3A%2F%2Fis.gd%2FVcWFlX\" title=\"Post to Twitter\"><img decoding=\"async\" class=\"nothumb\" src=\"http:\/\/www.sportingcanal.com\/wp-content\/plugins\/tweet-this\/icons\/en\/twitter\/tt-twitter6.png\" alt=\"Post to Twitter\" \/><\/a><\/p><\/div>","protected":false},"excerpt":{"rendered":"<p>Vanderlei Fernandes Silva (conhecido no &#8220;mundo do futebol&#8221; por Derlei) nasceu a 14 de Julho de 1975 em S. Bernardo do Campo \u2013 Brasil. Jogou em clubes como o Am\u00e9rica, Guarani e Madureira antes de chegar a Portugal, para a Uni\u00e3o de Leiria, em 1999. Brilhou a grande altura na equipa da \u201ccidade do Lis\u201d [&hellip;]<\/p>\n","protected":false},"author":1,"featured_media":38273,"comment_status":"open","ping_status":"open","sticky":false,"template":"","format":"standard","meta":{"_et_pb_use_builder":"","_et_pb_old_content":"","_et_gb_content_width":"","footnotes":""},"categories":[63],"tags":[66,8],"_links":{"self":[{"href":"https:\/\/www.sportingcanal.com\/index.php?rest_route=\/wp\/v2\/posts\/5749"}],"collection":[{"href":"https:\/\/www.sportingcanal.com\/index.php?rest_route=\/wp\/v2\/posts"}],"about":[{"href":"https:\/\/www.sportingcanal.com\/index.php?rest_route=\/wp\/v2\/types\/post"}],"author":[{"embeddable":true,"href":"https:\/\/www.sportingcanal.com\/index.php?rest_route=\/wp\/v2\/users\/1"}],"replies":[{"embeddable":true,"href":"https:\/\/www.sportingcanal.com\/index.php?rest_route=%2Fwp%2Fv2%2Fcomments&post=5749"}],"version-history":[{"count":23,"href":"https:\/\/www.sportingcanal.com\/index.php?rest_route=\/wp\/v2\/posts\/5749\/revisions"}],"predecessor-version":[{"id":38274,"href":"https:\/\/www.sportingcanal.com\/index.php?rest_route=\/wp\/v2\/posts\/5749\/revisions\/38274"}],"wp:featuredmedia":[{"embeddable":true,"href":"https:\/\/www.sportingcanal.com\/index.php?rest_route=\/wp\/v2\/media\/38273"}],"wp:attachment":[{"href":"https:\/\/www.sportingcanal.com\/index.php?rest_route=%2Fwp%2Fv2%2Fmedia&parent=5749"}],"wp:term":[{"taxonomy":"category","embeddable":true,"href":"https:\/\/www.sportingcanal.com\/index.php?rest_route=%2Fwp%2Fv2%2Fcategories&post=5749"},{"taxonomy":"post_tag","embeddable":true,"href":"https:\/\/www.sportingcanal.com\/index.php?rest_route=%2Fwp%2Fv2%2Ftags&post=5749"}],"curies":[{"name":"wp","href":"https:\/\/api.w.org\/{rel}","templated":true}]}}