{"id":5763,"date":"2025-07-11T09:00:45","date_gmt":"2025-07-11T08:00:45","guid":{"rendered":"http:\/\/www.sportingcanal.com\/?p=5763"},"modified":"2025-07-11T12:18:03","modified_gmt":"2025-07-11T11:18:03","slug":"americo-raposo-e-sporting-dominaram-a-grande-classica-do-ciclismo-portugues","status":"publish","type":"post","link":"https:\/\/www.sportingcanal.com\/?p=5763","title":{"rendered":"1954 &#8211; Am\u00e9rico Raposo e Sporting dominaram a grande \u201ccl\u00e1ssica\u201d do Ciclismo portugu\u00eas"},"content":{"rendered":"<p>11 de Julho de 1954.\u00a0No 25\u00ba Porto-Lisboa (uma prova que na altura tinha um prest\u00edgio enorme, constituindo a grande &#8220;cl\u00e1ssica&#8221; do nosso Ciclismo), o sportinguista Am\u00e9rico Raposo venceu ap\u00f3s vigoroso e disputado sprint na pista do Est\u00e1dio Jos\u00e9 Alvalade.<\/p>\n<p>A prova foi muito t\u00e1tica, com os melhores ciclistas a vigiarem-se mutuamente.\u00a0S\u00f3 na Cal\u00e7ada de Carriche se destacou um pequeno grupo, parte do qual perdeu vantagem por se ter enganado no percurso \u00e0 entrada do Est\u00e1dio, e Am\u00e9rico Raposo (treinado por Eduardo Lopes &#8211; um antigo ciclista que tamb\u00e9m passara pelo Sporting) acabou por n\u00e3o dar hip\u00f3teses a ningu\u00e9m. Pedro Polainas em 2\u00ba e Fernando Moreira em 4\u00ba ajudaram a garantir o triunfo coletivo do Sporting, que venceu assim em toda a linha.<\/p>\n<p>Individualmente esta foi a 6\u00aa vit\u00f3ria leonina na competi\u00e7\u00e3o.<\/p>\n<div class=\"tweetthis\" style=\"text-align:left;\"><p> <a target=\"_blank\" rel=\"nofollow\" class=\"tt\" href=\"http:\/\/twitter.com\/home\/?status=1954+%E2%80%93+Am%C3%A9rico+Raposo+e+Sporting+dominaram+a+grande+%E2%80%9Ccl%C3%A1ssica%E2%80%9D+do+Ciclismo+portugu%C3%AAs+https%3A%2F%2Fis.gd%2FjQpb0g\" title=\"Post to Twitter\"><img decoding=\"async\" class=\"nothumb\" src=\"http:\/\/www.sportingcanal.com\/wp-content\/plugins\/tweet-this\/icons\/en\/twitter\/tt-twitter6.png\" alt=\"Post to Twitter\" \/><\/a><\/p><\/div>","protected":false},"excerpt":{"rendered":"<p>11 de Julho de 1954.\u00a0No 25\u00ba Porto-Lisboa (uma prova que na altura tinha um prest\u00edgio enorme, constituindo a grande &#8220;cl\u00e1ssica&#8221; do nosso Ciclismo), o sportinguista Am\u00e9rico Raposo venceu ap\u00f3s vigoroso e disputado sprint na pista do Est\u00e1dio Jos\u00e9 Alvalade. A prova foi muito t\u00e1tica, com os melhores ciclistas a vigiarem-se mutuamente.\u00a0S\u00f3 na Cal\u00e7ada de Carriche [&hellip;]<\/p>\n","protected":false},"author":1,"featured_media":38257,"comment_status":"open","ping_status":"open","sticky":false,"template":"","format":"standard","meta":{"_et_pb_use_builder":"","_et_pb_old_content":"","_et_gb_content_width":"","footnotes":""},"categories":[4],"tags":[29],"_links":{"self":[{"href":"https:\/\/www.sportingcanal.com\/index.php?rest_route=\/wp\/v2\/posts\/5763"}],"collection":[{"href":"https:\/\/www.sportingcanal.com\/index.php?rest_route=\/wp\/v2\/posts"}],"about":[{"href":"https:\/\/www.sportingcanal.com\/index.php?rest_route=\/wp\/v2\/types\/post"}],"author":[{"embeddable":true,"href":"https:\/\/www.sportingcanal.com\/index.php?rest_route=\/wp\/v2\/users\/1"}],"replies":[{"embeddable":true,"href":"https:\/\/www.sportingcanal.com\/index.php?rest_route=%2Fwp%2Fv2%2Fcomments&post=5763"}],"version-history":[{"count":21,"href":"https:\/\/www.sportingcanal.com\/index.php?rest_route=\/wp\/v2\/posts\/5763\/revisions"}],"predecessor-version":[{"id":38258,"href":"https:\/\/www.sportingcanal.com\/index.php?rest_route=\/wp\/v2\/posts\/5763\/revisions\/38258"}],"wp:featuredmedia":[{"embeddable":true,"href":"https:\/\/www.sportingcanal.com\/index.php?rest_route=\/wp\/v2\/media\/38257"}],"wp:attachment":[{"href":"https:\/\/www.sportingcanal.com\/index.php?rest_route=%2Fwp%2Fv2%2Fmedia&parent=5763"}],"wp:term":[{"taxonomy":"category","embeddable":true,"href":"https:\/\/www.sportingcanal.com\/index.php?rest_route=%2Fwp%2Fv2%2Fcategories&post=5763"},{"taxonomy":"post_tag","embeddable":true,"href":"https:\/\/www.sportingcanal.com\/index.php?rest_route=%2Fwp%2Fv2%2Ftags&post=5763"}],"curies":[{"name":"wp","href":"https:\/\/api.w.org\/{rel}","templated":true}]}}