{"id":5767,"date":"2025-07-13T10:45:03","date_gmt":"2025-07-13T09:45:03","guid":{"rendered":"http:\/\/www.sportingcanal.com\/?p=5767"},"modified":"2025-07-13T12:06:14","modified_gmt":"2025-07-13T11:06:14","slug":"dias-da-cunha","status":"publish","type":"post","link":"https:\/\/www.sportingcanal.com\/?p=5767","title":{"rendered":"Dias da Cunha"},"content":{"rendered":"<p>Ant\u00f3nio Augusto Serra Campos Dias da Cunha nasceu a 13 de Julho de 1933 na cidade da Beira \u2013 Mo\u00e7ambique. A sua fam\u00edlia instalou-se em Portugal quando tinha apenas 9 anos. Licenciou-se em Direito e praticou muito desporto na juventude &#8211; do Futebol ao Basquetebol, do Andebol ao R\u00e2guebi. A sua liga\u00e7\u00e3o a Mo\u00e7ambique foi-se mantendo e l\u00e1 estabeleceu neg\u00f3cios e apoiou institui\u00e7\u00f5es sociais.<\/p>\n<p>Pela \u201cm\u00e3o\u201d de Em\u00eddio Pinheiro (um antigo presidente da Assembleia Geral), associou-se ao Sporting, clube ao qual chegou aos corpos diretivos por influ\u00eancia dum amigo de longa data &#8211; Jos\u00e9 Roquette. Em Agosto de 2000 assumiu mesmo a presid\u00eancia do clube e da SGPS leonina, sucedendo precisamente a Jos\u00e9 Roquette, que transformara o futebol do Sporting numa SAD. Na altura j\u00e1 era visto com uma voz algo inc\u00f3moda, por vezes para o pr\u00f3prio clube, n\u00e3o se coibindo de criticar mesmo em alturas inoportunas.<\/p>\n<p>Sob a sua presid\u00eancia foram constru\u00eddas e inauguradas as obras mais marcantes do chamado \u201cProjeto Roquette\u201d &#8211; a Academia Sporting e o novo Est\u00e1dio Alvalade. Tamb\u00e9m sob o seu comando os le\u00f5es foram Campe\u00f5es Nacionais e vencedores da Ta\u00e7a de Portugal de Futebol em 2002 e conquistaram a Superta\u00e7a na temporada seguinte, para al\u00e9m de outros \u00eaxitos em diferentes modalidades.<\/p>\n<p>O seu mandanto como presidente do Sporting ficou ainda marcado pelo facto de nunca se ter cansado de falar do malfadado sistema que controla(va) o nosso Futebol, nomeando mesmo as \u201ccaras\u201d desse sistema (Pinto da Costa e Valentim Loureiro). A sua a\u00e7\u00e3o ajudou a abrir consci\u00eancias e a, indiretamente, despoletar processos como o \u201cApito Dourado\u201d. Julgou-se ent\u00e3o que o Futebol nacional pudesse ganhar algo em termos de credibilidade, descredibilizando-se simult\u00e2neamente um passado (mais ou menos) recente demasiado obscuro e movido por enormes influ\u00eancias, mas os resultados ficaram muito aqu\u00e9m do desejado&#8230;<\/p>\n<p>A 19 de Outubro de 2005 renunciou ao cargo de presidente do Sporting com laivos de inedetismo, pois fez quest\u00e3o de acompanhar na sa\u00edda o ent\u00e3o treinador do futebol Jos\u00e9 Peseiro, pois n\u00e3o concordava com a sua sa\u00edda mas j\u00e1 n\u00e3o a conseguia evitar devido \u00e0 enorme press\u00e3o para que isso acontecesse!<\/p>\n<p>Ganhou 2 pr\u00e9mios Stromp: em 1997 (s\u00f3cio) e 2003 (dirigente) este homem pol\u00e9mico, mas cordial e af\u00e1vel, para muitos o melhor e n\u00e3o para poucos o \u00fanico presidente do Sporting do in\u00edcio ao fim da &#8220;era Roquette&#8221; com alguma credibilidade&#8230;<\/p>\n<div class=\"tweetthis\" style=\"text-align:left;\"><p> <a target=\"_blank\" rel=\"nofollow\" class=\"tt\" href=\"http:\/\/twitter.com\/home\/?status=Dias+da+Cunha+https%3A%2F%2Fis.gd%2FDkuTRv\" title=\"Post to Twitter\"><img decoding=\"async\" class=\"nothumb\" src=\"http:\/\/www.sportingcanal.com\/wp-content\/plugins\/tweet-this\/icons\/en\/twitter\/tt-twitter6.png\" alt=\"Post to Twitter\" \/><\/a><\/p><\/div>","protected":false},"excerpt":{"rendered":"<p>Ant\u00f3nio Augusto Serra Campos Dias da Cunha nasceu a 13 de Julho de 1933 na cidade da Beira \u2013 Mo\u00e7ambique. A sua fam\u00edlia instalou-se em Portugal quando tinha apenas 9 anos. Licenciou-se em Direito e praticou muito desporto na juventude &#8211; do Futebol ao Basquetebol, do Andebol ao R\u00e2guebi. A sua liga\u00e7\u00e3o a Mo\u00e7ambique foi-se [&hellip;]<\/p>\n","protected":false},"author":1,"featured_media":38278,"comment_status":"open","ping_status":"open","sticky":false,"template":"","format":"standard","meta":{"_et_pb_use_builder":"","_et_pb_old_content":"","_et_gb_content_width":"","footnotes":""},"categories":[13],"tags":[56,34],"_links":{"self":[{"href":"https:\/\/www.sportingcanal.com\/index.php?rest_route=\/wp\/v2\/posts\/5767"}],"collection":[{"href":"https:\/\/www.sportingcanal.com\/index.php?rest_route=\/wp\/v2\/posts"}],"about":[{"href":"https:\/\/www.sportingcanal.com\/index.php?rest_route=\/wp\/v2\/types\/post"}],"author":[{"embeddable":true,"href":"https:\/\/www.sportingcanal.com\/index.php?rest_route=\/wp\/v2\/users\/1"}],"replies":[{"embeddable":true,"href":"https:\/\/www.sportingcanal.com\/index.php?rest_route=%2Fwp%2Fv2%2Fcomments&post=5767"}],"version-history":[{"count":23,"href":"https:\/\/www.sportingcanal.com\/index.php?rest_route=\/wp\/v2\/posts\/5767\/revisions"}],"predecessor-version":[{"id":38279,"href":"https:\/\/www.sportingcanal.com\/index.php?rest_route=\/wp\/v2\/posts\/5767\/revisions\/38279"}],"wp:featuredmedia":[{"embeddable":true,"href":"https:\/\/www.sportingcanal.com\/index.php?rest_route=\/wp\/v2\/media\/38278"}],"wp:attachment":[{"href":"https:\/\/www.sportingcanal.com\/index.php?rest_route=%2Fwp%2Fv2%2Fmedia&parent=5767"}],"wp:term":[{"taxonomy":"category","embeddable":true,"href":"https:\/\/www.sportingcanal.com\/index.php?rest_route=%2Fwp%2Fv2%2Fcategories&post=5767"},{"taxonomy":"post_tag","embeddable":true,"href":"https:\/\/www.sportingcanal.com\/index.php?rest_route=%2Fwp%2Fv2%2Ftags&post=5767"}],"curies":[{"name":"wp","href":"https:\/\/api.w.org\/{rel}","templated":true}]}}