{"id":5776,"date":"2025-07-12T08:30:56","date_gmt":"2025-07-12T07:30:56","guid":{"rendered":"http:\/\/www.sportingcanal.com\/?p=5776"},"modified":"2025-07-12T22:20:01","modified_gmt":"2025-07-12T21:20:01","slug":"uma-temporada-fantastica-para-o-ciclista-joao-lourenco","status":"publish","type":"post","link":"https:\/\/www.sportingcanal.com\/?p=5776","title":{"rendered":"1942 &#8211; Jo\u00e3o Louren\u00e7o (temporada fant\u00e1stica) ganhou CN fundo em Ciclismo"},"content":{"rendered":"<p>12 de Julho de 1942. O Campeonato Nacional de Fundo em Ciclismo disputou-se neste dia e consistiu numa prova de 200km entre Lisboa, Caldas da Rainha e regresso. Triunfou Jo\u00e3o Louren\u00e7o (6\u00aa vit\u00f3ria do Sporting e 1\u00aa deste magn\u00edfico ciclista).<\/p>\n<p>Foi em Carriche que se desmanchou o pelot\u00e3o para satisfa\u00e7\u00e3o do juri a quem n\u00e3o agradava 14 homens na pista para a chegada&#8230; Eduardo Lopes e Jos\u00e9 Martins foram os primeiros a ceder. Francisco In\u00e1cio teve um furo na cal\u00e7ada de Carriche e saltou-lhe a corrente \u00e0 entrada do Est\u00e1dio. Outros pura e simplesmente n\u00e3o aguentaram o ritmo&#8230;<\/p>\n<p>Na dianteira ficaram 4 ciclistas com Louren\u00e7o &#8220;\u00e0 cabe\u00e7a&#8221; e desde a\u00ed deixou de haver d\u00favidas. Jo\u00e3o Louren\u00e7o ganharia o seu 1\u00ba t\u00edtulo nacional de fundo. Na pista o seu sprint foi vigoroso e os advers\u00e1rios n\u00e3o lhe resistiram&#8230; Alfredo Trindade (de novo no Sporting) foi 8\u00ba e Francisco In\u00e1cio 13\u00ba&#8230;<\/p>\n<p>Ali\u00e1s, os 2 t\u00edtulos nacionais obtidos pelos ciclistas do Sporting tiveram s\u00f3 um nome &#8211; Jo\u00e3o Louren\u00e7o. No Nacional de Velocidade, a 28 de Junho, Louren\u00e7o bateu com grande categoria Eduardo Lopes (do Iluminante), nas duas m\u00e3os da final.<\/p>\n<p>Para al\u00e9m destes 2 important\u00edssimos triunfos, Jo\u00e3o Louren\u00e7o foi campe\u00e3o regional de velocidade e de fundo.\u00a0Arrecadou ainda o 1\u00ba lugar nos 50km da Uni\u00e3o Velocip\u00e9dica Portuguesa, no Circuito da Mealhada, no Circuito do Com\u00e9rcio em Palma de Maiorca e no Circuito de Malveira. Uma \u00e9poca em cheio!<\/p>\n<div class=\"tweetthis\" style=\"text-align:left;\"><p> <a target=\"_blank\" rel=\"nofollow\" class=\"tt\" href=\"http:\/\/twitter.com\/home\/?status=1942+%E2%80%93+Jo%C3%A3o+Louren%C3%A7o+%28temporada+fant%C3%A1stica%29+ganhou+CN+fundo+em+Ciclismo+https%3A%2F%2Fis.gd%2FS4g9Xv\" title=\"Post to Twitter\"><img decoding=\"async\" class=\"nothumb\" src=\"http:\/\/www.sportingcanal.com\/wp-content\/plugins\/tweet-this\/icons\/en\/twitter\/tt-twitter6.png\" alt=\"Post to Twitter\" \/><\/a><\/p><\/div>","protected":false},"excerpt":{"rendered":"<p>12 de Julho de 1942. O Campeonato Nacional de Fundo em Ciclismo disputou-se neste dia e consistiu numa prova de 200km entre Lisboa, Caldas da Rainha e regresso. Triunfou Jo\u00e3o Louren\u00e7o (6\u00aa vit\u00f3ria do Sporting e 1\u00aa deste magn\u00edfico ciclista). Foi em Carriche que se desmanchou o pelot\u00e3o para satisfa\u00e7\u00e3o do juri a quem n\u00e3o [&hellip;]<\/p>\n","protected":false},"author":1,"featured_media":38255,"comment_status":"open","ping_status":"open","sticky":false,"template":"","format":"standard","meta":{"_et_pb_use_builder":"","_et_pb_old_content":"","_et_gb_content_width":"","footnotes":""},"categories":[4],"tags":[29],"_links":{"self":[{"href":"https:\/\/www.sportingcanal.com\/index.php?rest_route=\/wp\/v2\/posts\/5776"}],"collection":[{"href":"https:\/\/www.sportingcanal.com\/index.php?rest_route=\/wp\/v2\/posts"}],"about":[{"href":"https:\/\/www.sportingcanal.com\/index.php?rest_route=\/wp\/v2\/types\/post"}],"author":[{"embeddable":true,"href":"https:\/\/www.sportingcanal.com\/index.php?rest_route=\/wp\/v2\/users\/1"}],"replies":[{"embeddable":true,"href":"https:\/\/www.sportingcanal.com\/index.php?rest_route=%2Fwp%2Fv2%2Fcomments&post=5776"}],"version-history":[{"count":19,"href":"https:\/\/www.sportingcanal.com\/index.php?rest_route=\/wp\/v2\/posts\/5776\/revisions"}],"predecessor-version":[{"id":38256,"href":"https:\/\/www.sportingcanal.com\/index.php?rest_route=\/wp\/v2\/posts\/5776\/revisions\/38256"}],"wp:featuredmedia":[{"embeddable":true,"href":"https:\/\/www.sportingcanal.com\/index.php?rest_route=\/wp\/v2\/media\/38255"}],"wp:attachment":[{"href":"https:\/\/www.sportingcanal.com\/index.php?rest_route=%2Fwp%2Fv2%2Fmedia&parent=5776"}],"wp:term":[{"taxonomy":"category","embeddable":true,"href":"https:\/\/www.sportingcanal.com\/index.php?rest_route=%2Fwp%2Fv2%2Fcategories&post=5776"},{"taxonomy":"post_tag","embeddable":true,"href":"https:\/\/www.sportingcanal.com\/index.php?rest_route=%2Fwp%2Fv2%2Ftags&post=5776"}],"curies":[{"name":"wp","href":"https:\/\/api.w.org\/{rel}","templated":true}]}}