{"id":5782,"date":"2025-07-13T09:05:45","date_gmt":"2025-07-13T08:05:45","guid":{"rendered":"http:\/\/www.sportingcanal.com\/?p=5782"},"modified":"2025-07-13T12:06:09","modified_gmt":"2025-07-13T11:06:09","slug":"vital-elasticidade-e-reflexos","status":"publish","type":"post","link":"https:\/\/www.sportingcanal.com\/?p=5782","title":{"rendered":"Vital \u2013 Elasticidade e reflexos"},"content":{"rendered":"<p>Jorge Maria Vital nasceu a 13 de Julho de 1961 em Tomar. Depois de se iniciar no Matrena, come\u00e7ou como senior no Uni\u00e3o de Tomar, passando mais tarde por Rio Maior, Lusitano de \u00c9vora e Portimonense &#8211; onde se destacou fortemente.<\/p>\n<p>Chegou ao Sporting no Ver\u00e3o de 1986, e a 31 de Agosto estreou-se oficialmente (com o t\u00e9cnico Manuel Jos\u00e9 \u2013 que j\u00e1 o orientara em Portim\u00e3o) num Rio Ave-Sporting (2-2) para a 2\u00aa jornada do Campeonato Nacional. Perante a fort\u00edssima concorr\u00eancia de Damas jogou pouco (apenas 8 presen\u00e7as).<\/p>\n<p>Na temporada seguinte foi Keith Burkinshaw o t\u00e9cnico mais tempo em fun\u00e7\u00f5es. O ingl\u00eas apostou inicialmente no jovem Rui Correia e havia ainda Damas\u2026 Na pr\u00e1tica acabou por existir grande rotatividade na baliza leonina, mas Vital alinhou somente 10 vezes. Ainda assim fez a 6 de Dezembro de 1987 aquela que foi talvez a mais brilhante exibi\u00e7\u00e3o da sua vida numa vit\u00f3ria na Luz por 3-0 para a Superta\u00e7a. Nesse encontro Vital esteve esplendoroso, defendendo tudo o que tinha e \u201cn\u00e3o tinha\u201d defesa, tornando poss\u00edvel um triunfo magn\u00edfico para uma equipa verde e branca que n\u00e3o vivia uma boa fase. Na 2\u00aa m\u00e3o os le\u00f5es triunfaram por 1-0 e conquistaram o trof\u00e9u, do qual Vital ter\u00e1 sido o principal obreiro.<\/p>\n<p>Para 1988\/89, ap\u00f3s uma verdadeira revolu\u00e7\u00e3o empreendida pelo novo presidente Jorge Gon\u00e7alves, Vital \u201csobreviveu\u201d no plantel apesar da chegada do consagrado uruguaio Rodolfo Rodr\u00edguez e da manuten\u00e7\u00e3o de Damas. Mais uma vez a titularidade foi repartida, e Vital fez 17 jogos. Rodr\u00edguez n\u00e3o \u201cvingou\u201d, Damas terminou a carreira, e Vital permaneceu para 1989\/90, agora com a concorr\u00eancia de Ivkovic (um dos grandes guarda-redes mundiais da altura). A verdade \u00e9 que o croata esteve quase sempre bem, e Vital jogou apenas 4 vezes. A 20 de Maio de 1990 alinhou pela \u00faltima vez pelo Sporting a n\u00edvel oficial. Foi numa rece\u00e7\u00e3o ao Vit\u00f3ria de Set\u00fabal (2-0) para a \u00faltima jornada do Campeonato.<\/p>\n<p>Esteve um total de 4 \u00e9pocas no Sporting, tendo realizado 39 jogos oficiais e sofrido 34 golos (o 14\u00ba guarda-redes com melhor m\u00e9dia na Hist\u00f3ria do clube). Ganhou uma Superta\u00e7a. Curiosamente, nunca teve o estatuto de titular no Sporting (o que n\u00e3o lhe permitiu afirmar-se definitivamente), mas mostrou-se sempre um ativo dispon\u00edvel e que dava grande confian\u00e7a. Era um guarda-redes muito \u201cel\u00e1stico\u201d com fant\u00e1sticos reflexos, embora sem a \u201celeg\u00e2ncia\u201d dos guarda-redes consagrados devido \u00e0 sua baixa estatura para o posto (1m72cm).<\/p>\n<p>Depois de sair do Sporting ainda jogou v\u00e1rios anos, passando sucessivamente por Estrela da Amadora (duas \u00e9pocas), Tirsense (1 ano), Gil Vicente (5 temporadas de muito bom n\u00edvel) e Esposende (onde permaneceu 3 \u00e9pocas e terminou a carreira em 2001).<\/p>\n<p>Parte integrante (como treinador de guarda-redes) da equipa t\u00e9cnica de Domingos Paci\u00eancia, regressou ao Sporting no in\u00edcio da temporada 2011\/12, acabando por sair ainda no decorrer dessa \u00e9poca em solidariedade com o t\u00e9cnico dispensado. Depois passou pelo Sp. Braga e atualmente \u00e9 novamente treinador de guarda-redes do Sporting, fazendo parte da equipa t\u00e9cnica de R\u00faben Amorim.<\/p>\n<div class=\"tweetthis\" style=\"text-align:left;\"><p> <a target=\"_blank\" rel=\"nofollow\" class=\"tt\" href=\"http:\/\/twitter.com\/home\/?status=Vital+%E2%80%93+Elasticidade+e+reflexos+https%3A%2F%2Fis.gd%2FREhsmY\" title=\"Post to Twitter\"><img decoding=\"async\" class=\"nothumb\" src=\"http:\/\/www.sportingcanal.com\/wp-content\/plugins\/tweet-this\/icons\/en\/twitter\/tt-twitter6.png\" alt=\"Post to Twitter\" \/><\/a><\/p><\/div>","protected":false},"excerpt":{"rendered":"<p>Jorge Maria Vital nasceu a 13 de Julho de 1961 em Tomar. Depois de se iniciar no Matrena, come\u00e7ou como senior no Uni\u00e3o de Tomar, passando mais tarde por Rio Maior, Lusitano de \u00c9vora e Portimonense &#8211; onde se destacou fortemente. Chegou ao Sporting no Ver\u00e3o de 1986, e a 31 de Agosto estreou-se oficialmente [&hellip;]<\/p>\n","protected":false},"author":1,"featured_media":38265,"comment_status":"open","ping_status":"open","sticky":false,"template":"","format":"standard","meta":{"_et_pb_use_builder":"","_et_pb_old_content":"","_et_gb_content_width":"","footnotes":""},"categories":[63],"tags":[8,52],"_links":{"self":[{"href":"https:\/\/www.sportingcanal.com\/index.php?rest_route=\/wp\/v2\/posts\/5782"}],"collection":[{"href":"https:\/\/www.sportingcanal.com\/index.php?rest_route=\/wp\/v2\/posts"}],"about":[{"href":"https:\/\/www.sportingcanal.com\/index.php?rest_route=\/wp\/v2\/types\/post"}],"author":[{"embeddable":true,"href":"https:\/\/www.sportingcanal.com\/index.php?rest_route=\/wp\/v2\/users\/1"}],"replies":[{"embeddable":true,"href":"https:\/\/www.sportingcanal.com\/index.php?rest_route=%2Fwp%2Fv2%2Fcomments&post=5782"}],"version-history":[{"count":25,"href":"https:\/\/www.sportingcanal.com\/index.php?rest_route=\/wp\/v2\/posts\/5782\/revisions"}],"predecessor-version":[{"id":38266,"href":"https:\/\/www.sportingcanal.com\/index.php?rest_route=\/wp\/v2\/posts\/5782\/revisions\/38266"}],"wp:featuredmedia":[{"embeddable":true,"href":"https:\/\/www.sportingcanal.com\/index.php?rest_route=\/wp\/v2\/media\/38265"}],"wp:attachment":[{"href":"https:\/\/www.sportingcanal.com\/index.php?rest_route=%2Fwp%2Fv2%2Fmedia&parent=5782"}],"wp:term":[{"taxonomy":"category","embeddable":true,"href":"https:\/\/www.sportingcanal.com\/index.php?rest_route=%2Fwp%2Fv2%2Fcategories&post=5782"},{"taxonomy":"post_tag","embeddable":true,"href":"https:\/\/www.sportingcanal.com\/index.php?rest_route=%2Fwp%2Fv2%2Ftags&post=5782"}],"curies":[{"name":"wp","href":"https:\/\/api.w.org\/{rel}","templated":true}]}}