{"id":5838,"date":"2025-07-22T08:00:32","date_gmt":"2025-07-22T07:00:32","guid":{"rendered":"http:\/\/www.sportingcanal.com\/?p=5838"},"modified":"2025-07-22T11:05:10","modified_gmt":"2025-07-22T10:05:10","slug":"seminario-o-expresso-de-lima","status":"publish","type":"post","link":"https:\/\/www.sportingcanal.com\/?p=5838","title":{"rendered":"Semin\u00e1rio \u2013 O \u201cExpresso de Lima\u201d"},"content":{"rendered":"<p>Juan Roberto Semin\u00e1rio Rodr\u00edguez nasceu a 22 de Julho de 1936 em Puira \u2013 Peru. Jogador do Clube Municipal de Lima, chegou aos 18 anos \u00e0 Sele\u00e7\u00e3o Nacional peruana, e logo lhe passaram a chamar o \u201cExpresso de Lima\u201d, sobretudo porque era capaz de atrav\u00e9s de picos estonteantes ir buscar bolas que colocava, em rodopio, por detr\u00e1s dos defesas.<\/p>\n<p>Ficou famoso no Mundo inteiro por ter marcado os 2 golos dum muito badalado Brasil-Peru (2-2) e mais ainda pelos 3 tentos apontados na vit\u00f3ria da sua Sele\u00e7\u00e3o sobre a Inglaterra (4-1).<\/p>\n<p>Chegou ao Sporting proveniente do FC Barcelona (por 700 contos) na parte inicial da temporada 1959\/60. A sua aquisi\u00e7\u00e3o n\u00e3o foi f\u00e1cil, pois al\u00e9m de pertencer ao Barcelona, tamb\u00e9m tinha contrato com o Sarago\u00e7a, pelo que a Federa\u00e7\u00e3o Espanhola n\u00e3o permitiu a sua inscri\u00e7\u00e3o. Os catal\u00e3es tiveram ent\u00e3o de o \u201cemprestar\u201d. Sporting e FC Porto perfilaram-se e foram os le\u00f5es a levar a melhor.<\/p>\n<p>Veio ganhar 5 contos mensais e estreou-se oficialmente (com o treinador Fernando Vaz) a 25 de Outubro de 1959 numa derrota no terreno no Belenenses por 1-0 para a 6\u00aa jornada do Campeonato Nacional. Marcou pela 1\u00aa vez (numa partida em que apontou 3 golos) logo uma semana depois, num triunfo por 8-0 sobre o Vit\u00f3ria de Set\u00fabal. Nesse 1\u00aa temporada em Alvalade logo se afirmou na extrema-esquerda, fazendo um quinteto poderoso com Hugo, Faustino, Fernando e Diego. No entanto, os le\u00f5es n\u00e3o conseguiram ganhar nada, ficando em 2\u00ba no Campeonato e sendo finalistas vencidos da Ta\u00e7a de Portugal\u2026<\/p>\n<p>Na \u00e9poca seguinte voltou a dar nas vistas, mas mais uma vez os le\u00f5es n\u00e3o conseguiram melhor que o 2\u00ba lugar no Campeonato. No final saiu para o Sarago\u00e7a, pelo que acabou, apesar da sua imensa categoria, por nada ganhar com o emblema do le\u00e3o\u2026 A 28 de Maio de 1961 marcou o \u00faltimo golo, num Sporting-Atl\u00e9tico CP (3-0) para a \u00faltima jornada do Campeonato. A derradeira partida realizou-a a 24 de Junho \u2013 Sporting-Porto (2-1) para a Ta\u00e7a de Portugal.<\/p>\n<p>Fez um total de 49 jogos oficiais de verde e branco tendo apontado 20 golos. Apesar da sua curta estada em Lisboa deixou uma marca profunda entre os sportinguistas pelas suas qualidades (com rapidez e t\u00e9cnica impressionantes), que dele fizeram um futebolista de classe mundial.<\/p>\n<p>Em Sarago\u00e7a, e depois na Fiorentina, FC Barcelona e Sabadell brilhou a grande altura, terminando a carreira no seu pa\u00eds &#8211; Atl\u00e9tico Grau.<\/p>\n<p>O seu irm\u00e3o, Rudolfo Semin\u00e1rio, tamb\u00e9m chegou a jogar no Sporting uns anos mais tarde (1965\/66), mas n\u00e3o tinha a categoria do seu antecessor.<\/p>\n<p>Em 2004 voltou a Portugal e ao conv\u00edvio dos sportinguistas, sendo homenageado com um pr\u00e9mio \u201cRugidos de Le\u00e3o\u201d na tradicional \u201cNoite Verde da Batalha\u201d. Na altura voltou a expressar o seu carinho pelo Sporting, ao mesmo tempo que \u201csentiu na pele\u201d como todos os sportinguistas o recordam com saudade.<\/p>\n<table border=\"1\" width=\"253\" cellspacing=\"0\" cellpadding=\"0\">\n<tbody>\n<tr>\n<td colspan=\"4\" valign=\"top\" width=\"253\"><strong>GOLOS de SEMIN\u00c1RIO no SPORTING<\/strong><\/td>\n<\/tr>\n<tr>\n<td valign=\"top\" width=\"73\">\u00c9POCA<\/td>\n<td valign=\"top\" width=\"34\">CN<\/td>\n<td valign=\"top\" width=\"34\">TP<\/td>\n<td valign=\"top\" width=\"112\">TOTAL<\/td>\n<\/tr>\n<tr>\n<td valign=\"top\" width=\"73\">1959\/60<\/td>\n<td valign=\"top\" width=\"34\">10<\/td>\n<td valign=\"top\" width=\"34\">3<\/td>\n<td valign=\"top\" width=\"112\">13<\/td>\n<\/tr>\n<tr>\n<td valign=\"top\" width=\"73\">1960\/61<\/td>\n<td valign=\"top\" width=\"34\">7<\/td>\n<td valign=\"top\" width=\"34\">0<\/td>\n<td valign=\"top\" width=\"112\">7<\/td>\n<\/tr>\n<tr>\n<td valign=\"top\" width=\"73\"><strong>Total<\/strong><\/td>\n<td valign=\"top\" width=\"34\"><strong>17<\/strong><\/td>\n<td valign=\"top\" width=\"34\"><strong>3<\/strong><\/td>\n<td valign=\"top\" width=\"112\"><strong>20<\/strong><\/td>\n<\/tr>\n<\/tbody>\n<\/table>\n<div class=\"tweetthis\" style=\"text-align:left;\"><p> <a target=\"_blank\" rel=\"nofollow\" class=\"tt\" href=\"http:\/\/twitter.com\/home\/?status=Semin%C3%A1rio+%E2%80%93+O+%E2%80%9CExpresso+de+Lima%E2%80%9D+https%3A%2F%2Fis.gd%2FRJYMsR\" title=\"Post to Twitter\"><img decoding=\"async\" class=\"nothumb\" src=\"http:\/\/www.sportingcanal.com\/wp-content\/plugins\/tweet-this\/icons\/en\/twitter\/tt-twitter6.png\" alt=\"Post to Twitter\" \/><\/a><\/p><\/div>","protected":false},"excerpt":{"rendered":"<p>Juan Roberto Semin\u00e1rio Rodr\u00edguez nasceu a 22 de Julho de 1936 em Puira \u2013 Peru. Jogador do Clube Municipal de Lima, chegou aos 18 anos \u00e0 Sele\u00e7\u00e3o Nacional peruana, e logo lhe passaram a chamar o \u201cExpresso de Lima\u201d, sobretudo porque era capaz de atrav\u00e9s de picos estonteantes ir buscar bolas que colocava, em rodopio, [&hellip;]<\/p>\n","protected":false},"author":1,"featured_media":38318,"comment_status":"open","ping_status":"open","sticky":false,"template":"","format":"standard","meta":{"_et_pb_use_builder":"","_et_pb_old_content":"","_et_gb_content_width":"","footnotes":""},"categories":[63],"tags":[66,8],"_links":{"self":[{"href":"https:\/\/www.sportingcanal.com\/index.php?rest_route=\/wp\/v2\/posts\/5838"}],"collection":[{"href":"https:\/\/www.sportingcanal.com\/index.php?rest_route=\/wp\/v2\/posts"}],"about":[{"href":"https:\/\/www.sportingcanal.com\/index.php?rest_route=\/wp\/v2\/types\/post"}],"author":[{"embeddable":true,"href":"https:\/\/www.sportingcanal.com\/index.php?rest_route=\/wp\/v2\/users\/1"}],"replies":[{"embeddable":true,"href":"https:\/\/www.sportingcanal.com\/index.php?rest_route=%2Fwp%2Fv2%2Fcomments&post=5838"}],"version-history":[{"count":22,"href":"https:\/\/www.sportingcanal.com\/index.php?rest_route=\/wp\/v2\/posts\/5838\/revisions"}],"predecessor-version":[{"id":38319,"href":"https:\/\/www.sportingcanal.com\/index.php?rest_route=\/wp\/v2\/posts\/5838\/revisions\/38319"}],"wp:featuredmedia":[{"embeddable":true,"href":"https:\/\/www.sportingcanal.com\/index.php?rest_route=\/wp\/v2\/media\/38318"}],"wp:attachment":[{"href":"https:\/\/www.sportingcanal.com\/index.php?rest_route=%2Fwp%2Fv2%2Fmedia&parent=5838"}],"wp:term":[{"taxonomy":"category","embeddable":true,"href":"https:\/\/www.sportingcanal.com\/index.php?rest_route=%2Fwp%2Fv2%2Fcategories&post=5838"},{"taxonomy":"post_tag","embeddable":true,"href":"https:\/\/www.sportingcanal.com\/index.php?rest_route=%2Fwp%2Fv2%2Ftags&post=5838"}],"curies":[{"name":"wp","href":"https:\/\/api.w.org\/{rel}","templated":true}]}}