{"id":5841,"date":"2025-07-22T08:30:54","date_gmt":"2025-07-22T07:30:54","guid":{"rendered":"http:\/\/www.sportingcanal.com\/?p=5841"},"modified":"2025-07-22T11:05:14","modified_gmt":"2025-07-22T10:05:14","slug":"jaime-pacheco-um-patrao-trabalhador","status":"publish","type":"post","link":"https:\/\/www.sportingcanal.com\/?p=5841","title":{"rendered":"Jaime Pacheco \u2013 Um \u201cpatr\u00e3o\u201d trabalhador"},"content":{"rendered":"<p>Jaime Moreira Pacheco nasceu a 22 de Julho de 1958 em Paredes. Come\u00e7ou a jogar no Rebordosa, dando depois nas vistas no Aliados de Lordelo, onde despertou a cobi\u00e7a do FC Porto. Nas Antas ficou 6 anos com alguns sucessos colectivos.<\/p>\n<p>Chegou ao Sporting (com o seu companheiro Sousa) no Ver\u00e3o de 1984 proveniente do FC Porto (por 30.000 contos), numa investida do presidente Jo\u00e3o Rocha sobre o clube de Pinto da Costa, que se \u201cvingou\u201d contratando Paulo Futre.<\/p>\n<p>Estreou-se oficialmente (com John Toshack) a 2 de Setembro, em Coimbra, num triunfo por 3-2 sobre a Acad\u00e9mica para a 2\u00aa jornada do Campeonato. Marcou pela 1\u00aa vez a 19 de Setembro numa rece\u00e7\u00e3o ao Auxerre (2-0) para a Ta\u00e7a UEFA. Nessa 1\u00aa temporada n\u00e3o foi um titular indiscutivel (at\u00e9 porque esteve muito tempo lesionado), num meio campo fabuloso que tinha homens como Oceano, Litos, Lito, Oliveira, Kostov, Sousa e Romeu. Ainda assim alinhou em 19 jogos apontando 4 golos.<\/p>\n<p>Em 1985\/86, com Manuel Jos\u00e9, a\u00ed sim, foi o verdadeiro \u201cpatr\u00e3o\u201d da equipa. Jogou quase sempre (39 presen\u00e7as \u2013 s\u00f3 Damas e Manuel Fernandes jogaram mais) mas n\u00e3o marcou qualquer golo. No final da temporada acabou por regressar ao Porto (o Sporting n\u00e3o teve capacidade financeira para lhe renovar o contrato). Jogou pela \u00faltima vez de \u201cle\u00e3o ao peito\u201da 20 de Abril de 1986, num Sporting-Salgueiros (2-1) para a \u00faltima jornada do Campeonato Nacional.<\/p>\n<p>Esteve um total de duas \u00e9pocas no Sporting, alinhando em 58 jogos oficiais e marcando 4 golos. Foi um dos futebolistas de qualidade que passaram pelo clube no t\u00e3o falado \u201cjejum\u201d de 17 anos. Com uma voluntariedade enorme (nunca parava durante os 90 minutos), tinha uma boa capacidade de passe (curto e longo), vis\u00e3o de jogo e t\u00e9cnica.<\/p>\n<p>Depois de regressar \u00e0 \u201cInvicta\u201d esteve l\u00e1 mais 3 anos, ganhando tudo o que havia para ganhar. Passou ainda por Vit\u00f3ria de Set\u00fabal (com sucesso), Pa\u00e7os de Ferreira (onde chegou a acumular as fun\u00e7\u00f5es de jogador e treinador), Braga, Rio Ave e Paredes (onde terminou a carreira).<\/p>\n<p>Encetou depois um percurso de treinador (no Uni\u00e3o de Lamas), chegando rapidamente ao Vit\u00f3ria de Guimar\u00e3es (onde realizou um trabalho not\u00e1vel). Mais tarde foi para o Boavista, onde conseguiu o hist\u00f3rico t\u00edtulo de 2001. Rumou depois a Maiorca, regressou ao Boavista e passou ainda por Vit\u00f3ria de Guimar\u00e3es e Belenenses. A sua traject\u00f3ria conheceu depois outros caminhos, no estrangeiro (Ar\u00e1bia Saudita e China). Reconhecidamente um bom treinador, \u00e9 no entanto acusado de formar equipas demasiado rudes, muito faltosas, e nas quais as capacidades f\u00edsicas imperam acima de tudo.<\/p>\n<p>Foi 25 vezes internacional A (13 enquanto jogador do Sporting), tendo marcado presen\u00e7a no Europeu de 1984 e no Mundial de 1986.<\/p>\n<div class=\"tweetthis\" style=\"text-align:left;\"><p> <a target=\"_blank\" rel=\"nofollow\" class=\"tt\" href=\"http:\/\/twitter.com\/home\/?status=Jaime+Pacheco+%E2%80%93+Um+%E2%80%9Cpatr%C3%A3o%E2%80%9D+trabalhador+https%3A%2F%2Fis.gd%2FxI0gSo\" title=\"Post to Twitter\"><img decoding=\"async\" class=\"nothumb\" src=\"http:\/\/www.sportingcanal.com\/wp-content\/plugins\/tweet-this\/icons\/en\/twitter\/tt-twitter6.png\" alt=\"Post to Twitter\" \/><\/a><\/p><\/div>","protected":false},"excerpt":{"rendered":"<p>Jaime Moreira Pacheco nasceu a 22 de Julho de 1958 em Paredes. Come\u00e7ou a jogar no Rebordosa, dando depois nas vistas no Aliados de Lordelo, onde despertou a cobi\u00e7a do FC Porto. Nas Antas ficou 6 anos com alguns sucessos colectivos. Chegou ao Sporting (com o seu companheiro Sousa) no Ver\u00e3o de 1984 proveniente do [&hellip;]<\/p>\n","protected":false},"author":1,"featured_media":38322,"comment_status":"open","ping_status":"open","sticky":false,"template":"","format":"standard","meta":{"_et_pb_use_builder":"","_et_pb_old_content":"","_et_gb_content_width":"","footnotes":""},"categories":[63],"tags":[8,64],"_links":{"self":[{"href":"https:\/\/www.sportingcanal.com\/index.php?rest_route=\/wp\/v2\/posts\/5841"}],"collection":[{"href":"https:\/\/www.sportingcanal.com\/index.php?rest_route=\/wp\/v2\/posts"}],"about":[{"href":"https:\/\/www.sportingcanal.com\/index.php?rest_route=\/wp\/v2\/types\/post"}],"author":[{"embeddable":true,"href":"https:\/\/www.sportingcanal.com\/index.php?rest_route=\/wp\/v2\/users\/1"}],"replies":[{"embeddable":true,"href":"https:\/\/www.sportingcanal.com\/index.php?rest_route=%2Fwp%2Fv2%2Fcomments&post=5841"}],"version-history":[{"count":23,"href":"https:\/\/www.sportingcanal.com\/index.php?rest_route=\/wp\/v2\/posts\/5841\/revisions"}],"predecessor-version":[{"id":38323,"href":"https:\/\/www.sportingcanal.com\/index.php?rest_route=\/wp\/v2\/posts\/5841\/revisions\/38323"}],"wp:featuredmedia":[{"embeddable":true,"href":"https:\/\/www.sportingcanal.com\/index.php?rest_route=\/wp\/v2\/media\/38322"}],"wp:attachment":[{"href":"https:\/\/www.sportingcanal.com\/index.php?rest_route=%2Fwp%2Fv2%2Fmedia&parent=5841"}],"wp:term":[{"taxonomy":"category","embeddable":true,"href":"https:\/\/www.sportingcanal.com\/index.php?rest_route=%2Fwp%2Fv2%2Fcategories&post=5841"},{"taxonomy":"post_tag","embeddable":true,"href":"https:\/\/www.sportingcanal.com\/index.php?rest_route=%2Fwp%2Fv2%2Ftags&post=5841"}],"curies":[{"name":"wp","href":"https:\/\/api.w.org\/{rel}","templated":true}]}}