{"id":5860,"date":"2025-07-25T10:05:44","date_gmt":"2025-07-25T09:05:44","guid":{"rendered":"http:\/\/www.sportingcanal.com\/?p=5860"},"modified":"2025-07-25T10:27:48","modified_gmt":"2025-07-25T09:27:48","slug":"uma-entrevista-curiosa-a-peyroteo","status":"publish","type":"post","link":"https:\/\/www.sportingcanal.com\/?p=5860","title":{"rendered":"1941 &#8211; Uma entrevista curiosa a Peyroteo"},"content":{"rendered":"<p>25 de Julho de 1941.\u00a0Em entrevista ao jornal &#8220;Os Sports&#8221;, <a href=\"http:\/\/www.sportingcanal.com\/?p=871\">Peyroteo<\/a> &#8211; o mais tem\u00edvel de todos os avan\u00e7ados-centro que alguma vez existiram em Portugal, dizia: \u201cSatisfez-me a minha \u00e9poca porque senti mais facilidade na execu\u00e7\u00e3o de alguns lances e porque tive melhor certeza na colabora\u00e7\u00e3o com os companheiros. Deste modo julgo que foi poss\u00edvel corresponder aquilo que o clube necessitava, e se n\u00e3o fiz mais foi porque n\u00e3o pude. A confian\u00e7a em mim pr\u00f3prio aumentou\u201d<\/p>\n<p>Diga-se que o Sporting tinha acabado de fazer a sua melhor temporada de sempre, ganhando tudo o que havia para ganhar &#8211; Campeonato Nacional, Ta\u00e7a de Portugal e Campeonato Regional. Peyroteo fez 38 golos em 20 jogos (esteve parte da \u00e9poca lesionado)!<\/p>\n<p>Quanto \u00e0 sua vis\u00e3o sobre a atualidade do \u201cdesporto-rei\u201d, Peyroteo referiu: \u201cO futebol decaiu em qualidade, h\u00e1 menos compostura e corre\u00e7\u00e3o, e assim ele perde beleza e fica em risco&#8230; Os \u00e1rbitros devem ser menos tolerantes e ter um crit\u00e9rio mais uniforme\u201d.<\/p>\n<p>No que diz respeito a uma dos temas mais discutidos da altura: \u201cAqui n\u00e3o h\u00e1 profissionalismo, mas \u00e9 tamb\u00e9m dif\u00edcil fazer com que o jogador seja puro amador. No estado atual das coisas o futebol n\u00e3o \u00e9 um prazer. Quando vou para o campo vou disposto a fazer o melhor poss\u00edvel a dar tudo para que o Sporting ven\u00e7a, mas sinceramente n\u00e3o sinto prazer em jogar futebol\u201d.<\/p>\n<p>Sobre o acumular de vit\u00f3rias e a equipa: \u201cO jogo mais dif\u00edcil e ao mesmo tempo mais agrad\u00e1vel da \u00e9poca foi a final da Ta\u00e7a de Portugal com o Belenenses (triunfo por 4-1). Os 3 campeonatos ganhos representam um trabalho de conjunto invulgar. Todo o ataque me agradou. Os m\u00e9dios, apesar do que se diz, cumpriram a sua miss\u00e3o, e o \u00c1lvaro Cardoso progrediu muito\u201d.<\/p>\n<p>Para concluir: \u201cO futebol n\u00e3o deve ser para mim uma coisa para muito tempo. Continuarei no Sporting at\u00e9 ao final da minha carreira a menos que o Sporting fosse incorreto para mim, porque sou sportinguista\u201d. Diga-se que Peyroteo ainda alinhou mais 8 anos de &#8220;le\u00e3o ao peito&#8221;.<\/p>\n<div class=\"tweetthis\" style=\"text-align:left;\"><p> <a target=\"_blank\" rel=\"nofollow\" class=\"tt\" href=\"http:\/\/twitter.com\/home\/?status=1941+%E2%80%93+Uma+entrevista+curiosa+a+Peyroteo+https%3A%2F%2Fis.gd%2FevMBTX\" title=\"Post to Twitter\"><img decoding=\"async\" class=\"nothumb\" src=\"http:\/\/www.sportingcanal.com\/wp-content\/plugins\/tweet-this\/icons\/en\/twitter\/tt-twitter6.png\" alt=\"Post to Twitter\" \/><\/a><\/p><\/div>","protected":false},"excerpt":{"rendered":"<p>25 de Julho de 1941.\u00a0Em entrevista ao jornal &#8220;Os Sports&#8221;, Peyroteo &#8211; o mais tem\u00edvel de todos os avan\u00e7ados-centro que alguma vez existiram em Portugal, dizia: \u201cSatisfez-me a minha \u00e9poca porque senti mais facilidade na execu\u00e7\u00e3o de alguns lances e porque tive melhor certeza na colabora\u00e7\u00e3o com os companheiros. Deste modo julgo que foi poss\u00edvel [&hellip;]<\/p>\n","protected":false},"author":1,"featured_media":38337,"comment_status":"open","ping_status":"open","sticky":false,"template":"","format":"standard","meta":{"_et_pb_use_builder":"","_et_pb_old_content":"","_et_gb_content_width":"","footnotes":""},"categories":[4],"tags":[8],"_links":{"self":[{"href":"https:\/\/www.sportingcanal.com\/index.php?rest_route=\/wp\/v2\/posts\/5860"}],"collection":[{"href":"https:\/\/www.sportingcanal.com\/index.php?rest_route=\/wp\/v2\/posts"}],"about":[{"href":"https:\/\/www.sportingcanal.com\/index.php?rest_route=\/wp\/v2\/types\/post"}],"author":[{"embeddable":true,"href":"https:\/\/www.sportingcanal.com\/index.php?rest_route=\/wp\/v2\/users\/1"}],"replies":[{"embeddable":true,"href":"https:\/\/www.sportingcanal.com\/index.php?rest_route=%2Fwp%2Fv2%2Fcomments&post=5860"}],"version-history":[{"count":21,"href":"https:\/\/www.sportingcanal.com\/index.php?rest_route=\/wp\/v2\/posts\/5860\/revisions"}],"predecessor-version":[{"id":38338,"href":"https:\/\/www.sportingcanal.com\/index.php?rest_route=\/wp\/v2\/posts\/5860\/revisions\/38338"}],"wp:featuredmedia":[{"embeddable":true,"href":"https:\/\/www.sportingcanal.com\/index.php?rest_route=\/wp\/v2\/media\/38337"}],"wp:attachment":[{"href":"https:\/\/www.sportingcanal.com\/index.php?rest_route=%2Fwp%2Fv2%2Fmedia&parent=5860"}],"wp:term":[{"taxonomy":"category","embeddable":true,"href":"https:\/\/www.sportingcanal.com\/index.php?rest_route=%2Fwp%2Fv2%2Fcategories&post=5860"},{"taxonomy":"post_tag","embeddable":true,"href":"https:\/\/www.sportingcanal.com\/index.php?rest_route=%2Fwp%2Fv2%2Ftags&post=5860"}],"curies":[{"name":"wp","href":"https:\/\/api.w.org\/{rel}","templated":true}]}}