{"id":5865,"date":"2025-07-27T01:25:26","date_gmt":"2025-07-27T00:25:26","guid":{"rendered":"http:\/\/www.sportingcanal.com\/?p=5865"},"modified":"2025-07-27T13:53:02","modified_gmt":"2025-07-27T12:53:02","slug":"1975-campeoes-nacionais-de-hoquei-em-patins-36-anos-depois","status":"publish","type":"post","link":"https:\/\/www.sportingcanal.com\/?p=5865","title":{"rendered":"1975 \u2013 Campe\u00f5es Nacionais de H\u00f3quei em Patins, 36 anos depois!"},"content":{"rendered":"<p>27 de Julho de 1975. 36 anos depois o Sporting voltou, finalmente, a sagrar-se campe\u00e3o nacional de H\u00f3quei em Patins (foi o 2\u00ba t\u00edtulo e iniciou um per\u00edodo arrebatador), com um triunfo por 3-1 sobre o Infante de Sagres. O \u00faltimo jogo foi disputado num Pavilh\u00e3o da Amadora a abarrotar de p\u00fablico entre gaitas, bal\u00f5es, megafones, bandeiras e cachec\u00f3is, que deram ao pequeno pavilh\u00e3o um ar de festa.<\/p>\n<p>A equipa: Ramalhete (veio do Benfica esta \u00e9poca); Saraiva, Rendeiro (1), Chana (2), Salema, Quim, Paulo e Bas\u00edlio.<\/p>\n<p>O Sporting abriu o ativo aos 6 minutos com um petardo de Rendeiro. Aos 15 os visitantes empataram numa jogada entre os irm\u00e3os Gomes da Costa. O Sporting n\u00e3o acusou o toque e regressou \u00e0 vantagem aos 18 minutos por Chana em jogada individual. 4 minutos depois foi novamente Chana a marcar em recarga a um remate de Rendeiro.<\/p>\n<p>No 2\u00ba tempo o jogo foi mais mon\u00f3tono, com o Sporting mais preocupado em segurar a vit\u00f3ria, mas ainda assim desperdi\u00e7ando v\u00e1rias hip\u00f3teses para dilatar o marcador &#8211; sobretudo por Chana, que tentava marcar em chap\u00e9u como tanto gosta, e perdeu assim a oportunidade de ser o melhor marcador do Campeonato. Ramalhete acabou a competi\u00e7\u00e3o em excelente forma, o mesmo sucedendo com Rendeiro, Saraiva, Salema e Chana. Quim, Paulo e Bas\u00edlio n\u00e3o foram muito utilizados mas todos contribuiram de forma valorosa sempre que Torcato Ferreira (o treinador) os utilizou.<\/p>\n<p>No final, na cabina, o ambiente era de festa. Torcato Ferreira estava muito feliz e recebia abra\u00e7os dos seus mais pr\u00f3ximos colaboradores e amigos. As l\u00e1grimas corriam mesmo na face de alguns: \u201cEstou feliz por esta excelente vit\u00f3ria. O Sporting foi a melhor equipa do Campeonato, praticou o melhor H\u00f3quei e gra\u00e7as aos seus excelentes atletas, com quem d\u00e1 gosto trabalhar &#8211; pois s\u00e3o homens dos p\u00e9s \u00e0 cabe\u00e7a, conquist\u00e1mos finalmente a prova que h\u00e1 anos persegu\u00edamos. Esta vit\u00f3ria teve muito valor por ter sido conseguida nos novos moldes da modalidade &#8211; jogos nos recintos dos clubes, 50 minutos de jogo, e com o handicap de n\u00e3o termos pavilh\u00e3o pr\u00f3prio.<\/p>\n<p>Enquanto abra\u00e7ava os t\u00e9cnicos e jogadores, Jo\u00e3o Rocha (o presidente) afirmou: \u201cFoi uma vit\u00f3ria merecida, que ajuda muito em todos os aspetos. Se os s\u00f3cios do clube ajudarem, o pavilh\u00e3o do Sporting ser\u00e1 dentro de pouco tempo uma realidade e uma \u00f3tima prenda para estes rapazes&#8221;.<\/p>\n<p>O conjunto verde e banco terminou o Campeonato com mais 2 pontos que o FC Porto &#8211; 2\u00ba classificado.<\/p>\n<div class=\"tweetthis\" style=\"text-align:left;\"><p> <a target=\"_blank\" rel=\"nofollow\" class=\"tt\" href=\"http:\/\/twitter.com\/home\/?status=1975+%E2%80%93+Campe%C3%B5es+Nacionais+de+H%C3%B3quei+em+Patins%2C+36+anos+depois%21+https%3A%2F%2Fis.gd%2FMOe3un\" title=\"Post to Twitter\"><img decoding=\"async\" class=\"nothumb\" src=\"http:\/\/www.sportingcanal.com\/wp-content\/plugins\/tweet-this\/icons\/en\/twitter\/tt-twitter6.png\" alt=\"Post to Twitter\" \/><\/a><\/p><\/div>","protected":false},"excerpt":{"rendered":"<p>27 de Julho de 1975. 36 anos depois o Sporting voltou, finalmente, a sagrar-se campe\u00e3o nacional de H\u00f3quei em Patins (foi o 2\u00ba t\u00edtulo e iniciou um per\u00edodo arrebatador), com um triunfo por 3-1 sobre o Infante de Sagres. O \u00faltimo jogo foi disputado num Pavilh\u00e3o da Amadora a abarrotar de p\u00fablico entre gaitas, bal\u00f5es, [&hellip;]<\/p>\n","protected":false},"author":1,"featured_media":38347,"comment_status":"open","ping_status":"open","sticky":false,"template":"","format":"standard","meta":{"_et_pb_use_builder":"","_et_pb_old_content":"","_et_gb_content_width":"","footnotes":""},"categories":[17],"tags":[22,14],"_links":{"self":[{"href":"https:\/\/www.sportingcanal.com\/index.php?rest_route=\/wp\/v2\/posts\/5865"}],"collection":[{"href":"https:\/\/www.sportingcanal.com\/index.php?rest_route=\/wp\/v2\/posts"}],"about":[{"href":"https:\/\/www.sportingcanal.com\/index.php?rest_route=\/wp\/v2\/types\/post"}],"author":[{"embeddable":true,"href":"https:\/\/www.sportingcanal.com\/index.php?rest_route=\/wp\/v2\/users\/1"}],"replies":[{"embeddable":true,"href":"https:\/\/www.sportingcanal.com\/index.php?rest_route=%2Fwp%2Fv2%2Fcomments&post=5865"}],"version-history":[{"count":24,"href":"https:\/\/www.sportingcanal.com\/index.php?rest_route=\/wp\/v2\/posts\/5865\/revisions"}],"predecessor-version":[{"id":38348,"href":"https:\/\/www.sportingcanal.com\/index.php?rest_route=\/wp\/v2\/posts\/5865\/revisions\/38348"}],"wp:featuredmedia":[{"embeddable":true,"href":"https:\/\/www.sportingcanal.com\/index.php?rest_route=\/wp\/v2\/media\/38347"}],"wp:attachment":[{"href":"https:\/\/www.sportingcanal.com\/index.php?rest_route=%2Fwp%2Fv2%2Fmedia&parent=5865"}],"wp:term":[{"taxonomy":"category","embeddable":true,"href":"https:\/\/www.sportingcanal.com\/index.php?rest_route=%2Fwp%2Fv2%2Fcategories&post=5865"},{"taxonomy":"post_tag","embeddable":true,"href":"https:\/\/www.sportingcanal.com\/index.php?rest_route=%2Fwp%2Fv2%2Ftags&post=5865"}],"curies":[{"name":"wp","href":"https:\/\/api.w.org\/{rel}","templated":true}]}}