{"id":587,"date":"2025-10-16T08:30:09","date_gmt":"2025-10-16T07:30:09","guid":{"rendered":"http:\/\/www.sportingcanal.com\/?p=587"},"modified":"2025-11-20T09:50:50","modified_gmt":"2025-11-20T08:50:50","slug":"rendeiro","status":"publish","type":"post","link":"https:\/\/www.sportingcanal.com\/?p=587","title":{"rendered":"Rendeiro"},"content":{"rendered":"<p>J\u00falio Am\u00e9rico de Sousa Rendeiro nasceu a 16 de Outubro de 1942 no Porto e come\u00e7ou a jogar H\u00f3quei em Patins no Infante de Sagres com apenas 8 anos. No clube nortenho conquistou campeonatos regionais, torneios de abertura e um Campeonato Metropolitano.<\/p>\n<p>Em 1971 foi contratado pelo Sporting numa altura em que os le\u00f5es come\u00e7avam a estabelecer as bases para formar uma grande equipa.<\/p>\n<p>Rapidamente se tornou o \u201cc\u00e9lebro\u201d da turma verde e branca, dando a consist\u00eancia necess\u00e1ria a uma equipa com grandes talentos como Chana ou Livramento.<\/p>\n<p>A sua capacidade de lideran\u00e7a, aliada a uma presen\u00e7a carism\u00e1tica, ofereceram-lhe condi\u00e7\u00f5es para se tornar o &#8220;capit\u00e3o&#8221; da equipa sportinguista, passando a ocupar na sele\u00e7\u00e3o nacional o mesmo posto a partir de 1972.<\/p>\n<p>Em 1975 os le\u00f5es regressaram finalmente aos t\u00edtulos, 36 anos depois. Esse foi o 1\u00ba de 4 t\u00edtulos consecutivos (s\u00f3 n\u00e3o esteve presente no \u00faltimo), para al\u00e9m de duas ta\u00e7as de Portugal (1975\/76 e 1976\/77) e do magn\u00edfico triunfo na Ta\u00e7a dos Campe\u00f5es Europeus em 1977, na qual o hoquista sportinguista foi uma das figuras maiores.<\/p>\n<p>Internacional portugu\u00eas por 153 vezes (112 golos) abandonou como praticante a modalidade ap\u00f3s o Europeu de 1977, assumindo o papel de selecionador nacional. Foi um dos melhores praticantes de sempre, e para al\u00e9m dos t\u00edtulos j\u00e1 referidos ao servi\u00e7o do Sporting, ganhou 2 campeonatos do Mundo e 5 da Europa por Portugal.<br \/>\nA par da atividade desportiva licenciou-se em Engenharia, ramo no qual se tem destacado, assim como j\u00e1 tendo feito parte dos org\u00e3os dirigentes do Sporting.<\/p>\n<p>Morreu a 19 de Novembro de 2025.<\/p>\n<div class=\"tweetthis\" style=\"text-align:left;\"><p> <a target=\"_blank\" rel=\"nofollow\" class=\"tt\" href=\"http:\/\/twitter.com\/home\/?status=Rendeiro+https%3A%2F%2Fis.gd%2FXKTt2M\" title=\"Post to Twitter\"><img decoding=\"async\" class=\"nothumb\" src=\"http:\/\/www.sportingcanal.com\/wp-content\/plugins\/tweet-this\/icons\/en\/twitter\/tt-twitter6.png\" alt=\"Post to Twitter\" \/><\/a><\/p><\/div>","protected":false},"excerpt":{"rendered":"<p>J\u00falio Am\u00e9rico de Sousa Rendeiro nasceu a 16 de Outubro de 1942 no Porto e come\u00e7ou a jogar H\u00f3quei em Patins no Infante de Sagres com apenas 8 anos. No clube nortenho conquistou campeonatos regionais, torneios de abertura e um Campeonato Metropolitano. Em 1971 foi contratado pelo Sporting numa altura em que os le\u00f5es come\u00e7avam [&hellip;]<\/p>\n","protected":false},"author":1,"featured_media":39096,"comment_status":"open","ping_status":"open","sticky":false,"template":"","format":"standard","meta":{"_et_pb_use_builder":"","_et_pb_old_content":"","_et_gb_content_width":"","footnotes":""},"categories":[13],"tags":[14],"_links":{"self":[{"href":"https:\/\/www.sportingcanal.com\/index.php?rest_route=\/wp\/v2\/posts\/587"}],"collection":[{"href":"https:\/\/www.sportingcanal.com\/index.php?rest_route=\/wp\/v2\/posts"}],"about":[{"href":"https:\/\/www.sportingcanal.com\/index.php?rest_route=\/wp\/v2\/types\/post"}],"author":[{"embeddable":true,"href":"https:\/\/www.sportingcanal.com\/index.php?rest_route=\/wp\/v2\/users\/1"}],"replies":[{"embeddable":true,"href":"https:\/\/www.sportingcanal.com\/index.php?rest_route=%2Fwp%2Fv2%2Fcomments&post=587"}],"version-history":[{"count":26,"href":"https:\/\/www.sportingcanal.com\/index.php?rest_route=\/wp\/v2\/posts\/587\/revisions"}],"predecessor-version":[{"id":40251,"href":"https:\/\/www.sportingcanal.com\/index.php?rest_route=\/wp\/v2\/posts\/587\/revisions\/40251"}],"wp:featuredmedia":[{"embeddable":true,"href":"https:\/\/www.sportingcanal.com\/index.php?rest_route=\/wp\/v2\/media\/39096"}],"wp:attachment":[{"href":"https:\/\/www.sportingcanal.com\/index.php?rest_route=%2Fwp%2Fv2%2Fmedia&parent=587"}],"wp:term":[{"taxonomy":"category","embeddable":true,"href":"https:\/\/www.sportingcanal.com\/index.php?rest_route=%2Fwp%2Fv2%2Fcategories&post=587"},{"taxonomy":"post_tag","embeddable":true,"href":"https:\/\/www.sportingcanal.com\/index.php?rest_route=%2Fwp%2Fv2%2Ftags&post=587"}],"curies":[{"name":"wp","href":"https:\/\/api.w.org\/{rel}","templated":true}]}}