{"id":5875,"date":"2025-07-26T11:20:31","date_gmt":"2025-07-26T10:20:31","guid":{"rendered":"http:\/\/www.sportingcanal.com\/?p=5875"},"modified":"2025-07-26T18:44:19","modified_gmt":"2025-07-26T17:44:19","slug":"radisic-especialista-na-preparacao-fisica","status":"publish","type":"post","link":"https:\/\/www.sportingcanal.com\/?p=5875","title":{"rendered":"Radisic \u2013 Especialista na prepara\u00e7\u00e3o f\u00edsica"},"content":{"rendered":"<p>Srecko Radisic nasceu a 26 de Julho de 1931 na ex-Jugosl\u00e1via. Chegou ao Sporting no Ver\u00e3o de 1979 para preparador f\u00edsico do futebol, numa equipa comandada por Rodrigues Dias. Quando Fernando Mendes assumiu o comando t\u00e9cnico a 25 de Novembro de 1979, Radisic passou de ser apenas o preparador f\u00edsico da equipa para n\u00famero 2 do novo treinador. Os le\u00f5es chegaram ao t\u00edtulo e uma quota-parte desse sucesso foi atribu\u00edda ao jugoslavo, pois a equipa sportinguista apresentou \u00edndices f\u00edsicos fant\u00e1sticos.<\/p>\n<p>Na temporada seguinte as coisas come\u00e7aram a correr muito mal desde o in\u00edcio, e numa altura em que os sportinguistas andavam pelo 4\u00ba lugar do Campeonato, Jo\u00e3o Rocha apostou em Radisic para treinador principal no que restava da temporada. Valha a verdade que as melhorias n\u00e3o foram muitas, mas, ainda assim, os le\u00f5es garantiram o 3\u00ba lugar final.<\/p>\n<p>No seu curto per\u00edodo como treinador principal do Sporting, entre 21 de Dezembro de 1980 e 31 de Maio de 1981, Radisic foi v\u00edtima duma equipa destro\u00e7ada, mas que, curiosamente, era a detentora do t\u00edtulo nacional e voltaria a conquist\u00e1-lo no ano que se seguiu. Do seu \u201creinado\u201d avulta a estreia de Carlos Xavier, que, ali\u00e1s, Radisic promoveu logo aquando do seu 1\u00ba jogo como t\u00e9cnico principal (e o estreante at\u00e9 marcou num 5-0 ao Amora).<\/p>\n<p>Ap\u00f3s a contrata\u00e7\u00e3o de Malcolm Allison para treinador, Radisic manteve-se nos quadros t\u00e9cnicos do clube contribuindo para os sucessos no Campeonato, Ta\u00e7a de Portugal e Superta\u00e7a.<\/p>\n<p>Em 1983 foi para o Kuwait, onde exerceu a sua especialidade no Al-Quadsia, regressando a Portugal para treinador do Imortal de Albufeira em 1986. Em 1987\/88 e 1988\/89 voltou a estar no Sporting, fazendo parte das equipas t\u00e9cnicas lideradas por Keith Burkinshaw e Pedro Rocha.<\/p>\n<p>Ganhou o Pr\u00e9mio Stromp na categoria \u201cT\u00e9cnico\u201d em 1980. Foi treinador de Futebol cerca de 40 anos, tendo passado pela Jugosl\u00e1via, Espanha, Portugal e Kuwait.<\/p>\n<table border=\"1\" width=\"376\" cellspacing=\"0\" cellpadding=\"0\">\n<tbody>\n<tr>\n<td colspan=\"8\" valign=\"top\" width=\"376\"><strong>RADISIC como treinador do SPORTING<\/strong><\/td>\n<\/tr>\n<tr>\n<td valign=\"top\" width=\"73\">\u00c9POCA<\/td>\n<td valign=\"top\" width=\"38\">J<\/td>\n<td valign=\"top\" width=\"38\">V<\/td>\n<td valign=\"top\" width=\"38\">E<\/td>\n<td valign=\"top\" width=\"38\">D<\/td>\n<td valign=\"top\" width=\"42\">GM<\/td>\n<td valign=\"top\" width=\"42\">GS<\/td>\n<td valign=\"top\" width=\"68\">%<\/td>\n<\/tr>\n<tr>\n<td valign=\"top\" width=\"73\">1980\/81<\/td>\n<td valign=\"top\" width=\"38\">18<\/td>\n<td valign=\"top\" width=\"38\">9<\/td>\n<td valign=\"top\" width=\"38\">4<\/td>\n<td valign=\"top\" width=\"38\">5<\/td>\n<td valign=\"top\" width=\"42\">28<\/td>\n<td valign=\"top\" width=\"42\">18<\/td>\n<td valign=\"top\" width=\"68\">61,1<\/td>\n<\/tr>\n<\/tbody>\n<\/table>\n<div class=\"tweetthis\" style=\"text-align:left;\"><p> <a target=\"_blank\" rel=\"nofollow\" class=\"tt\" href=\"http:\/\/twitter.com\/home\/?status=Radisic+%E2%80%93+Especialista+na+prepara%C3%A7%C3%A3o+f%C3%ADsica+https%3A%2F%2Fis.gd%2Fuo5fFL\" title=\"Post to Twitter\"><img decoding=\"async\" class=\"nothumb\" src=\"http:\/\/www.sportingcanal.com\/wp-content\/plugins\/tweet-this\/icons\/en\/twitter\/tt-twitter6.png\" alt=\"Post to Twitter\" \/><\/a><\/p><\/div>","protected":false},"excerpt":{"rendered":"<p>Srecko Radisic nasceu a 26 de Julho de 1931 na ex-Jugosl\u00e1via. Chegou ao Sporting no Ver\u00e3o de 1979 para preparador f\u00edsico do futebol, numa equipa comandada por Rodrigues Dias. Quando Fernando Mendes assumiu o comando t\u00e9cnico a 25 de Novembro de 1979, Radisic passou de ser apenas o preparador f\u00edsico da equipa para n\u00famero 2 [&hellip;]<\/p>\n","protected":false},"author":1,"featured_media":38341,"comment_status":"open","ping_status":"open","sticky":false,"template":"","format":"standard","meta":{"_et_pb_use_builder":"","_et_pb_old_content":"","_et_gb_content_width":"","footnotes":""},"categories":[63],"tags":[8,27],"_links":{"self":[{"href":"https:\/\/www.sportingcanal.com\/index.php?rest_route=\/wp\/v2\/posts\/5875"}],"collection":[{"href":"https:\/\/www.sportingcanal.com\/index.php?rest_route=\/wp\/v2\/posts"}],"about":[{"href":"https:\/\/www.sportingcanal.com\/index.php?rest_route=\/wp\/v2\/types\/post"}],"author":[{"embeddable":true,"href":"https:\/\/www.sportingcanal.com\/index.php?rest_route=\/wp\/v2\/users\/1"}],"replies":[{"embeddable":true,"href":"https:\/\/www.sportingcanal.com\/index.php?rest_route=%2Fwp%2Fv2%2Fcomments&post=5875"}],"version-history":[{"count":23,"href":"https:\/\/www.sportingcanal.com\/index.php?rest_route=\/wp\/v2\/posts\/5875\/revisions"}],"predecessor-version":[{"id":38342,"href":"https:\/\/www.sportingcanal.com\/index.php?rest_route=\/wp\/v2\/posts\/5875\/revisions\/38342"}],"wp:featuredmedia":[{"embeddable":true,"href":"https:\/\/www.sportingcanal.com\/index.php?rest_route=\/wp\/v2\/media\/38341"}],"wp:attachment":[{"href":"https:\/\/www.sportingcanal.com\/index.php?rest_route=%2Fwp%2Fv2%2Fmedia&parent=5875"}],"wp:term":[{"taxonomy":"category","embeddable":true,"href":"https:\/\/www.sportingcanal.com\/index.php?rest_route=%2Fwp%2Fv2%2Fcategories&post=5875"},{"taxonomy":"post_tag","embeddable":true,"href":"https:\/\/www.sportingcanal.com\/index.php?rest_route=%2Fwp%2Fv2%2Ftags&post=5875"}],"curies":[{"name":"wp","href":"https:\/\/api.w.org\/{rel}","templated":true}]}}