{"id":5890,"date":"2025-07-29T09:00:14","date_gmt":"2025-07-29T08:00:14","guid":{"rendered":"http:\/\/www.sportingcanal.com\/?p=5890"},"modified":"2025-07-29T11:28:14","modified_gmt":"2025-07-29T10:28:14","slug":"1945-campeoes-nacionais-de-atletismo-em-ambos-os-sexos-pela-1%c2%aa-vez-nas-senhoras","status":"publish","type":"post","link":"https:\/\/www.sportingcanal.com\/?p=5890","title":{"rendered":"1945 \u2013 Campe\u00f5es Nacionais de Atletismo em ambos os sexos (pela 1\u00aa vez nas senhoras)"},"content":{"rendered":"<p>29 de Julho de 1945. Foi grandiosa a presta\u00e7\u00e3o dos atletas do Sporting (neste dia) nos Campeonatos Nacionais de Atletismo (presenciados por muito p\u00fablico), tanto na vertente masculina como na feminina.<\/p>\n<p>Os homens alcan\u00e7aram o seu 3\u00ba t\u00edtulo nacional, acumulando 10 t\u00edtulos individuais. Ainda assim o triunfo foi por escassa margem sobre o Benfica. Em grande destaque o recorde nacional do salto em comprimento alcan\u00e7ado por \u00c1lvaro Dias, que saltou 7m09cm. Manuel N\u00fancio dominou nas provas mais r\u00e1pidas, Francisco Bastos no meio fundo e Manuel da Silva juntou ao lan\u00e7amento do disco, o t\u00edtulo no martelo. Os triunfos individuais:<\/p>\n<p>100m \u2013 Manuel N\u00fancio \u2013 10,9s<\/p>\n<p>4X100m \u2013 \u00c1lvaro Dias, Artur Dias, Francisco Bastos e Vicente \u2013 3m36s<\/p>\n<p>200m \u2013 Manuel N\u00fancio \u2013 22,8s<\/p>\n<p>400m \u2013 Artur Dias \u2013 51,7s<\/p>\n<p>800m \u2013 Francisco Bastos \u2013 2m02,9s<\/p>\n<p>1.500m \u2013 Francisco Bastos \u2013 4m13s<\/p>\n<p>Comprimento \u2013 \u00c1lvaro Dias \u2013 7m09cm (recorde nacional)<\/p>\n<p>Disco \u2013 Manuel da Silva \u2013 39m82cm<\/p>\n<p>Martelo \u2013 Manuel da Silva \u2013 40m73,5cm<\/p>\n<p>Peso \u2013 Em\u00eddio Ruivo \u2013 12m46cm<\/p>\n<p>As senhoras tamb\u00e9m viveram uma \u00e9poca de gl\u00f3ria. \u00c9 verdade que a aus\u00eancia das atletas do Belenenses tirou algum interesse \u00e0s provas, mas n\u00e3o faltaram lutas animadas. As leoas somaram 107 pontos (alcan\u00e7ando o 1\u00ba t\u00edtulo nacional desde que havia classifica\u00e7\u00e3o coletiva feminina) contra 38 do Almadense, em 2\u00ba lugar. S\u00f3 na prova de lan\u00e7amento de peso as jovens verde e brancas n\u00e3o triunfaram. Hedi de S\u00e1 foi o grande destaque da equipa com 4 t\u00edtulos nacionais, seguindo-se a ainda pujante Olga Ribeiro com 3. Os triunfos individuais:<\/p>\n<p>60m \u2013 Hedi de S\u00e1 \u2013 8,5s<\/p>\n<p>3X60m \u2013 Olga Ribeiro, Deolinda Meson e Hedi de S\u00e1 \u2013 24,9s<\/p>\n<p>80m barreiras \u2013 Olga Ribeiro \u2013 15.6s<\/p>\n<p>150m \u2013 Hedi de S\u00e1 \u2013 21s<\/p>\n<p>Altura \u2013 Hedi de S\u00e1 \u2013 1m30cm<\/p>\n<p>Comprimento \u2013 Olga Ribeiro \u2013 4m49cm<\/p>\n<p>Na foto: Olga Ribeiro, Hedi de S\u00e1 e Deolinda Mason, as 3 art\u00edfices do 1\u00ba t\u00edtulo nacional coletivo da Hist\u00f3ria do Atletismo feminino do Sporting.<\/p>\n<div class=\"tweetthis\" style=\"text-align:left;\"><p> <a target=\"_blank\" rel=\"nofollow\" class=\"tt\" href=\"http:\/\/twitter.com\/home\/?status=1945+%E2%80%93+Campe%C3%B5es+Nacionais+de+Atletismo+em+ambos+os+sexos+%28pela+1%C2%AA+vez+nas+senhoras%29+https%3A%2F%2Fis.gd%2Fe4IUbQ\" title=\"Post to Twitter\"><img decoding=\"async\" class=\"nothumb\" src=\"http:\/\/www.sportingcanal.com\/wp-content\/plugins\/tweet-this\/icons\/en\/twitter\/tt-twitter6.png\" alt=\"Post to Twitter\" \/><\/a><\/p><\/div>","protected":false},"excerpt":{"rendered":"<p>29 de Julho de 1945. Foi grandiosa a presta\u00e7\u00e3o dos atletas do Sporting (neste dia) nos Campeonatos Nacionais de Atletismo (presenciados por muito p\u00fablico), tanto na vertente masculina como na feminina. Os homens alcan\u00e7aram o seu 3\u00ba t\u00edtulo nacional, acumulando 10 t\u00edtulos individuais. Ainda assim o triunfo foi por escassa margem sobre o Benfica. Em [&hellip;]<\/p>\n","protected":false},"author":1,"featured_media":38373,"comment_status":"open","ping_status":"open","sticky":false,"template":"","format":"standard","meta":{"_et_pb_use_builder":"","_et_pb_old_content":"","_et_gb_content_width":"","footnotes":""},"categories":[17],"tags":[21],"_links":{"self":[{"href":"https:\/\/www.sportingcanal.com\/index.php?rest_route=\/wp\/v2\/posts\/5890"}],"collection":[{"href":"https:\/\/www.sportingcanal.com\/index.php?rest_route=\/wp\/v2\/posts"}],"about":[{"href":"https:\/\/www.sportingcanal.com\/index.php?rest_route=\/wp\/v2\/types\/post"}],"author":[{"embeddable":true,"href":"https:\/\/www.sportingcanal.com\/index.php?rest_route=\/wp\/v2\/users\/1"}],"replies":[{"embeddable":true,"href":"https:\/\/www.sportingcanal.com\/index.php?rest_route=%2Fwp%2Fv2%2Fcomments&post=5890"}],"version-history":[{"count":24,"href":"https:\/\/www.sportingcanal.com\/index.php?rest_route=\/wp\/v2\/posts\/5890\/revisions"}],"predecessor-version":[{"id":38374,"href":"https:\/\/www.sportingcanal.com\/index.php?rest_route=\/wp\/v2\/posts\/5890\/revisions\/38374"}],"wp:featuredmedia":[{"embeddable":true,"href":"https:\/\/www.sportingcanal.com\/index.php?rest_route=\/wp\/v2\/media\/38373"}],"wp:attachment":[{"href":"https:\/\/www.sportingcanal.com\/index.php?rest_route=%2Fwp%2Fv2%2Fmedia&parent=5890"}],"wp:term":[{"taxonomy":"category","embeddable":true,"href":"https:\/\/www.sportingcanal.com\/index.php?rest_route=%2Fwp%2Fv2%2Fcategories&post=5890"},{"taxonomy":"post_tag","embeddable":true,"href":"https:\/\/www.sportingcanal.com\/index.php?rest_route=%2Fwp%2Fv2%2Ftags&post=5890"}],"curies":[{"name":"wp","href":"https:\/\/api.w.org\/{rel}","templated":true}]}}