{"id":5902,"date":"2025-08-02T09:00:38","date_gmt":"2025-08-02T08:00:38","guid":{"rendered":"http:\/\/www.sportingcanal.com\/?p=5902"},"modified":"2025-08-02T17:54:18","modified_gmt":"2025-08-02T16:54:18","slug":"carlos-ferreira","status":"publish","type":"post","link":"https:\/\/www.sportingcanal.com\/?p=5902","title":{"rendered":"Carlos Ferreira"},"content":{"rendered":"<p>Carlos Manuel da Silva Panta Ferreira nasceu a 2 de Agosto de 1966 em Mo\u00e7ambique. Logo come\u00e7ou a revelar grande tend\u00eancia pela pr\u00e1tica desportiva e ingressou na Gin\u00e1stica. Ainda muito jovem foi para o Minho, e depois de chegar a jogar Futebol como federado, apareceu o Andebol na sua vida, tendo come\u00e7ado no Ferment\u00f5es, com 12 anos. Mais tarde passou pelo Francisco d`Holanda, ingressando depois no ABC onde viveu tempos de gl\u00f3ria conquistando Campeonatos (4), Ta\u00e7as (4), Superta\u00e7as (3) e chegando inclusivamente \u00e0 final da Liga dos Campe\u00f5es Europeus.<\/p>\n<p>Finalmente, e dizemos finalmente porque sempre assumiu o Sporting como clube do seu cora\u00e7\u00e3o, chegou ao Alvalade em 1994 para alinhar de \u201cle\u00e3o ao peito\u201d. De verde e branco jogou 7 \u00e9pocas, nas quais conseguiu conquistar 1 Campeonato Nacional (15 anos depois da \u00faltima vit\u00f3ria), 2 Ta\u00e7as de Portugal e 1 Superta\u00e7a.<\/p>\n<p>Dele disse um dia\u00a0<a href=\"http:\/\/www.sportingcanal.com\/?p=253\">Manuel Brito<\/a>: \u201cFoi um atleta duma postura exemplar, que defendeu o Sporting com grande dignidade, bom colega, e com um perfil de lideran\u00e7a deveras invej\u00e1vel, sustentado por uma conduta como homem que servia de exemplo para todos os colegas\u201d. J\u00e1 <a href=\"http:\/\/www.sportingcanal.com\/?p=1604\">Ricardo Andorinho<\/a>, outra das grandes figuras da Hist\u00f3ria do Andebol leonino referiu: \u201cA minha opini\u00e3o sobre o Carlos est\u00e1 longe de ser isenta pois partilh\u00e1mos muito mais do que Andebol ao longo das nossas vidas. Creio que \u00e9 un\u00e2nime, \u00e0 volta da comunidade andebol\u00edstica, dizer que o Carlos \u00e9 um l\u00edder. A competitividade individual e a sua capacidade de transmiss\u00e3o da mesma fez crescer n\u00e3o s\u00f3 grandes atletas mas seguramente melhores pessoas\u201d.<\/p>\n<p>A sua derradeira partida pelos le\u00f5es aconteceu a <a href=\"http:\/\/www.sportingcanal.com\/?p=5414\">24 de Junho de 2001 na final da Ta\u00e7a de Portugal<\/a>, frente ao Porto, em Tavira. Os le\u00f5es triunfaram por 25-24 (conseguindo juntar a Ta\u00e7a ao Campeonato). No final ficou na retina a imagem do guarda-redes Carlos Ferreira, sentado, encostado a um dos postes da sua baliza e a chorar. Na pr\u00f3xima temporada ia-se mudar para os portistas pois a sua vida profissional estava enraizada no norte\u2026<\/p>\n<p>Apesar da despedida, Carlos nunca deixou de acompanhar o Sporting, chegando a expressar publicamente, e com veem\u00eancia, a sua defesa das modalidades leoninas numa altura em que \u201cfuteboleiros fundamentalistas\u201d falavam com leviandade da sua extin\u00e7\u00e3o generalizada.<\/p>\n<p>No Porto foi tri-Campe\u00e3o e no ABC conquistou mais um t\u00edtulo, terminando a carreira em 2009 devido a uma les\u00e3o \u2013 ficou na equipa t\u00e9cnica dos bracarenses.<\/p>\n<p>Jogou 24 anos ao mais alto n\u00edvel, tendo contado 150 internacionaliza\u00e7\u00f5es e in\u00fameros t\u00edtulos conquistados. Foi um dos melhores guarda-redes de sempre do Andebol portugu\u00eas e um grande capit\u00e3o e verdadeiro l\u00edder na sua passagem pelo Sporting.<\/p>\n<p>De real\u00e7ar ainda que Carlos Ferreira foi o 3\u00ba jogador da Hist\u00f3ria do Andebol portugu\u00eas a sagrar-se Campe\u00e3o por 3 clubes diferentes (ABC, Sporting e FC Porto). Antes dele s\u00f3 Jos\u00e9 Manuel Reinaldo\u00a0(Benfica, Belenenses e Sporting) e\u00a0Jorge Rodrigues\u00a0(Belenenses, Sporting e ABC) o tinham conseguido.<\/p>\n<p><a href=\"http:\/\/www.youtube.com\/watch?v=Gv9Qw8hvsPw&amp;feature=youtu.be\">v\u00eddeo de lance inesquec\u00edvel de Carlos Ferreira<\/a><\/p>\n<p>Nota: Obrigado a Hugo Malcato pela colabora\u00e7\u00e3o.<\/p>\n<div class=\"tweetthis\" style=\"text-align:left;\"><p> <a target=\"_blank\" rel=\"nofollow\" class=\"tt\" href=\"http:\/\/twitter.com\/home\/?status=Carlos+Ferreira+https%3A%2F%2Fis.gd%2FDfaJMb\" title=\"Post to Twitter\"><img decoding=\"async\" class=\"nothumb\" src=\"http:\/\/www.sportingcanal.com\/wp-content\/plugins\/tweet-this\/icons\/en\/twitter\/tt-twitter6.png\" alt=\"Post to Twitter\" \/><\/a><\/p><\/div>","protected":false},"excerpt":{"rendered":"<p>Carlos Manuel da Silva Panta Ferreira nasceu a 2 de Agosto de 1966 em Mo\u00e7ambique. Logo come\u00e7ou a revelar grande tend\u00eancia pela pr\u00e1tica desportiva e ingressou na Gin\u00e1stica. Ainda muito jovem foi para o Minho, e depois de chegar a jogar Futebol como federado, apareceu o Andebol na sua vida, tendo come\u00e7ado no Ferment\u00f5es, com [&hellip;]<\/p>\n","protected":false},"author":1,"featured_media":38399,"comment_status":"open","ping_status":"open","sticky":false,"template":"","format":"standard","meta":{"_et_pb_use_builder":"","_et_pb_old_content":"","_et_gb_content_width":"","footnotes":""},"categories":[63],"tags":[19,52],"_links":{"self":[{"href":"https:\/\/www.sportingcanal.com\/index.php?rest_route=\/wp\/v2\/posts\/5902"}],"collection":[{"href":"https:\/\/www.sportingcanal.com\/index.php?rest_route=\/wp\/v2\/posts"}],"about":[{"href":"https:\/\/www.sportingcanal.com\/index.php?rest_route=\/wp\/v2\/types\/post"}],"author":[{"embeddable":true,"href":"https:\/\/www.sportingcanal.com\/index.php?rest_route=\/wp\/v2\/users\/1"}],"replies":[{"embeddable":true,"href":"https:\/\/www.sportingcanal.com\/index.php?rest_route=%2Fwp%2Fv2%2Fcomments&post=5902"}],"version-history":[{"count":33,"href":"https:\/\/www.sportingcanal.com\/index.php?rest_route=\/wp\/v2\/posts\/5902\/revisions"}],"predecessor-version":[{"id":38400,"href":"https:\/\/www.sportingcanal.com\/index.php?rest_route=\/wp\/v2\/posts\/5902\/revisions\/38400"}],"wp:featuredmedia":[{"embeddable":true,"href":"https:\/\/www.sportingcanal.com\/index.php?rest_route=\/wp\/v2\/media\/38399"}],"wp:attachment":[{"href":"https:\/\/www.sportingcanal.com\/index.php?rest_route=%2Fwp%2Fv2%2Fmedia&parent=5902"}],"wp:term":[{"taxonomy":"category","embeddable":true,"href":"https:\/\/www.sportingcanal.com\/index.php?rest_route=%2Fwp%2Fv2%2Fcategories&post=5902"},{"taxonomy":"post_tag","embeddable":true,"href":"https:\/\/www.sportingcanal.com\/index.php?rest_route=%2Fwp%2Fv2%2Ftags&post=5902"}],"curies":[{"name":"wp","href":"https:\/\/api.w.org\/{rel}","templated":true}]}}