{"id":5952,"date":"2025-08-02T12:20:35","date_gmt":"2025-08-02T11:20:35","guid":{"rendered":"http:\/\/www.sportingcanal.com\/?p=5952"},"modified":"2025-08-02T17:54:22","modified_gmt":"2025-08-02T16:54:22","slug":"1959-dominio-total-no-atletismo-com-titulos-nacionais-colectivos-em-ambos-os-sexos","status":"publish","type":"post","link":"https:\/\/www.sportingcanal.com\/?p=5952","title":{"rendered":"1959 \u2013 Dom\u00ednio total no Atletismo, com t\u00edtulos nacionais coletivos em ambos os sexos"},"content":{"rendered":"<p>2 de Agosto de 1959. Esta foi uma \u00e9poca verdadeiramente not\u00e1vel para o Atletismo do Sporting, que somou os 4 t\u00edtulos mais importantes &#8211; Regionais e Nacionais masculinos e femininos (isto para al\u00e9m de diversos outros triunfos).<\/p>\n<p>Neste dia disputaram-se os Campeonatos Nacionais no Est\u00e1dio do Restelo. A equipa masculina triunfou pela 4\u00aa vez consecutiva (11\u00aa no total), com 22 pontos de avan\u00e7o sobre o Benfica. Valentim Baptista foi a grande figura da equipa ao alcan\u00e7ar 3 t\u00edtulos. Os triunfos individuais:<\/p>\n<p>400m \u2013 Valentim Baptista<\/p>\n<p>4X400m \u2013 Lu\u00eds Ludovice, Gon\u00e7alves, Campos e Valentim Baptista<\/p>\n<p>400m barreiras \u2013 Lu\u00eds Ludovice<\/p>\n<p>800m \u2013 Valentim Baptista<\/p>\n<p>3.000m obst\u00e1culos \u2013 Joaquim Ferreira<\/p>\n<p>5.000m \u2013 Dias Santos<\/p>\n<p>10.000m \u2013 \u00c1lvaro Conde<\/p>\n<p>Comprimento \u2013 Ab\u00edlio Ascenso<\/p>\n<p>Disco \u2013 Manuel Mendes<\/p>\n<p>Vara \u2013 Fernando Marques<\/p>\n<p>Nos Campeonatos Femininos as leoas provaram que o t\u00edtulo regional alcan\u00e7ado dias antes (ap\u00f3s largos anos de supremacia do Belenenses) n\u00e3o fora por acaso e bateram o Salgueiros e as azuis, alcan\u00e7ando o seu 4\u00ba t\u00edtulo nacional. Os triunfos:<\/p>\n<p>80m barreiras \u2013 Maria Fernanda Costa<\/p>\n<p>100m \u2013 Maria Fernanda Costa<\/p>\n<p>200m \u2013 Maria Manuela Rodrigues<\/p>\n<p>4X100m \u2013 Maria Fernanda Costa, Maria Manuela Rodrigues, Maria Preciosa Costa e Ludovina Costa<\/p>\n<p>Comprimento \u2013 Ludovina Costa<\/p>\n<p>Para al\u00e9m destes t\u00edtulos nacionais, os le\u00f5es, como j\u00e1 referimos, levaram tamb\u00e9m a melhor a n\u00edvel regional, avultando o recorde nacional dos 800 metros por Valentim Baptista (com 1m53,5s) e a vit\u00f3ria no disco feminino para \u201cuma tal\u201d de L\u00eddia Faria, que viria a dar que falar!<\/p>\n<p>Numa modalidade que j\u00e1 coleccionava \u00eaxitos, ser\u00e1 obviamente de destacar as vit\u00f3rias de Manuel Faria no Crosse. O magn\u00edfico atleta do Sporting levou a melhor no Corta-Mato dos Dez, no Torneio de Corta-Mato por Equipas e depois no Nacional, manifestando uma superioridade a todos os t\u00edtulos not\u00e1vel.<\/p>\n<p>Na foto, Valentim Baptista, o homem mais em foco no Atletismo em pista nesta temporada.<\/p>\n<div class=\"tweetthis\" style=\"text-align:left;\"><p> <a target=\"_blank\" rel=\"nofollow\" class=\"tt\" href=\"http:\/\/twitter.com\/home\/?status=1959+%E2%80%93+Dom%C3%ADnio+total+no+Atletismo%2C+com+t%C3%ADtulos+nacionais+coletivos+em+ambos+os+sexos+https%3A%2F%2Fis.gd%2FO30qzw\" title=\"Post to Twitter\"><img decoding=\"async\" class=\"nothumb\" src=\"http:\/\/www.sportingcanal.com\/wp-content\/plugins\/tweet-this\/icons\/en\/twitter\/tt-twitter6.png\" alt=\"Post to Twitter\" \/><\/a><\/p><\/div>","protected":false},"excerpt":{"rendered":"<p>2 de Agosto de 1959. Esta foi uma \u00e9poca verdadeiramente not\u00e1vel para o Atletismo do Sporting, que somou os 4 t\u00edtulos mais importantes &#8211; Regionais e Nacionais masculinos e femininos (isto para al\u00e9m de diversos outros triunfos). Neste dia disputaram-se os Campeonatos Nacionais no Est\u00e1dio do Restelo. A equipa masculina triunfou pela 4\u00aa vez consecutiva [&hellip;]<\/p>\n","protected":false},"author":1,"featured_media":38401,"comment_status":"open","ping_status":"open","sticky":false,"template":"","format":"standard","meta":{"_et_pb_use_builder":"","_et_pb_old_content":"","_et_gb_content_width":"","footnotes":""},"categories":[17],"tags":[21,22],"_links":{"self":[{"href":"https:\/\/www.sportingcanal.com\/index.php?rest_route=\/wp\/v2\/posts\/5952"}],"collection":[{"href":"https:\/\/www.sportingcanal.com\/index.php?rest_route=\/wp\/v2\/posts"}],"about":[{"href":"https:\/\/www.sportingcanal.com\/index.php?rest_route=\/wp\/v2\/types\/post"}],"author":[{"embeddable":true,"href":"https:\/\/www.sportingcanal.com\/index.php?rest_route=\/wp\/v2\/users\/1"}],"replies":[{"embeddable":true,"href":"https:\/\/www.sportingcanal.com\/index.php?rest_route=%2Fwp%2Fv2%2Fcomments&post=5952"}],"version-history":[{"count":22,"href":"https:\/\/www.sportingcanal.com\/index.php?rest_route=\/wp\/v2\/posts\/5952\/revisions"}],"predecessor-version":[{"id":38402,"href":"https:\/\/www.sportingcanal.com\/index.php?rest_route=\/wp\/v2\/posts\/5952\/revisions\/38402"}],"wp:featuredmedia":[{"embeddable":true,"href":"https:\/\/www.sportingcanal.com\/index.php?rest_route=\/wp\/v2\/media\/38401"}],"wp:attachment":[{"href":"https:\/\/www.sportingcanal.com\/index.php?rest_route=%2Fwp%2Fv2%2Fmedia&parent=5952"}],"wp:term":[{"taxonomy":"category","embeddable":true,"href":"https:\/\/www.sportingcanal.com\/index.php?rest_route=%2Fwp%2Fv2%2Fcategories&post=5952"},{"taxonomy":"post_tag","embeddable":true,"href":"https:\/\/www.sportingcanal.com\/index.php?rest_route=%2Fwp%2Fv2%2Ftags&post=5952"}],"curies":[{"name":"wp","href":"https:\/\/api.w.org\/{rel}","templated":true}]}}