{"id":5965,"date":"2025-08-03T12:10:47","date_gmt":"2025-08-03T11:10:47","guid":{"rendered":"http:\/\/www.sportingcanal.com\/?p=5965"},"modified":"2025-08-04T14:46:38","modified_gmt":"2025-08-04T13:46:38","slug":"nelson-medio-ofensivo-de-altissima-voltagem","status":"publish","type":"post","link":"https:\/\/www.sportingcanal.com\/?p=5965","title":{"rendered":"Nelson \u2013 M\u00e9dio ofensivo de \u201calta voltagem\u201d"},"content":{"rendered":"<p>Nelson Fernandes nasceu a 3 de Agosto de 1946 no Funchal &#8211; Ilha da Madeira. Come\u00e7ou por jogar nas camadas jovens do Mar\u00edtimo e logo se evidenciou grandemente. Com apenas 15 anos rumou ao Benfica e chegou \u00e0 internacionaliza\u00e7\u00e3o. Na altura era um avan\u00e7ado-centro &#8211; com muita t\u00e9cnica, oportunista e bom jogo de cabe\u00e7a.<\/p>\n<p>Chegado a senior foi emprestado ao Varzim e a sua presta\u00e7\u00e3o foi a ponto de logo no ano seguinte regressar ao Benfica para alinhar na equipa principal. Na Luz foi bi-campe\u00e3o mas jogou pouco porque havia v\u00e1rios jogadores consagrados para a sua posi\u00e7\u00e3o. Regressou ent\u00e3o ao Varzim e na P\u00f3voa chegou \u00e0 Sele\u00e7\u00e3o principal portuguesa.<\/p>\n<p>Rumou ao Sporting no Ver\u00e3o de 1969. \u00a0Estreou-se oficialmente (com Fernando Vaz) a 6 de Setembro de 1969 numa rece\u00e7\u00e3o ao Braga para a 1\u00aa jornada do Campeonato (4-0) e logo a\u00ed bisou. Constituiu uma aposta imediata do t\u00e9cnico leonino, ao ponto de ter sido um dos mais utilizados (com Pedro Gomes e Marinho \u2013 39 jogos) e dos melhores marcadores da equipa (com Marinho \u2013 20 golos) na sua temporada de estreia, onde jogou quase sempre como avan\u00e7ado-centro. No final o Sporting sagrou-se campe\u00e3o pela 13\u00aa vez.<\/p>\n<p>Na temporada seguinte voltou a alinhar regularmente na frente de ataque e marcou 1 dos golos na magn\u00edfica vit\u00f3ria na final da Ta\u00e7a de Portugal, frente ao Benfica, por 4-1. Ainda assim, em termos de finaliza\u00e7\u00e3o, a \u00e9poca n\u00e3o foi t\u00e3o produtiva, fazendo 11 golos em 34 presen\u00e7as.<\/p>\n<p>Com a chegada de Yazalde, Fernando Vaz (primeiro) e M\u00e1rio Lino (depois) recuaram-no para o meio-campo na temporada 1971\/72. A\u00ed, alinhando normalmente como m\u00e9dio-direito, realizou mais uma excelente temporada (37 jogos e 7 golos). Em termos coletivos \u00e9 que as coisas n\u00e3o funcionaram e nada se ganhou.<\/p>\n<p>Ronnie Allen (e depois M\u00e1rio Lino) foram os treinadores da \u00e9poca 1972\/73. Nelson manteve-se no meio-campo, onde atingiu uma bitola excecional. Verdadeiro indiscut\u00edvel na equipa, fez 36 jogos e marcou 19 golos, 1 dos quais em mais uma vit\u00f3ria na final da Ta\u00e7a de Portugal, agora por 3-2 frente ao Vit\u00f3ria de Set\u00fabal.<\/p>\n<p>1973\/74 foi uma das melhores temporadas de sempre do futebol sportinguista. Sob o comando de M\u00e1rio Lino (\u00e0 exce\u00e7\u00e3o da final da Ta\u00e7a, orientada por Osvaldo Silva), os le\u00f5es venceram Campeonato, Ta\u00e7a de Portugal e chegaram \u00e0 meia-final da Ta\u00e7a das Ta\u00e7as. O trio atacante formado por Marinho, Yazalde e Dinis esteve em grande plano, mas n\u00e3o menos bem voltou a estar Nelson, que realizou 41 jogos e marcou 13 golos, patenteando uma regularidade impressionante. No ano seguinte os le\u00f5es n\u00e3o conseguiram conquistas, mas o madeirense voltou a ser um dos indiscut\u00edveis.<\/p>\n<p>1975\/76 foi a sua \u00faltima temporada no Sporting. Apesar da m\u00e1 presta\u00e7\u00e3o coletiva, Nelson voltou a evidenciar-se, realizando 35 jogos (3 golos). No entanto, \u00e0 beira dos 30 anos, acabou por sair para o Mar\u00edtimo\u2026 A 6 de Junho de 1976 alinhou pela \u00faltima vez de \u201cle\u00e3o ao peito\u201d, numa derrota em Guimar\u00e3es por 2-1 (ap\u00f3s prolongamento) para as meias-finais da Ta\u00e7a de Portugal. Marcara pela \u00faltima vez nesse mesmo ano, a 15 de Fevereiro, num empate em Set\u00fabal a duas bolas.<\/p>\n<p>Esteve um total de 7 \u00e9pocas no Sporting, alinhando em 254 jogos oficiais e marcando 83 golos. Ganhou 2 Campeonatos Nacionais e 3 Ta\u00e7as de Portugal pelo clube. Em 1969\/70 foi o melhor marcador da equipa (a par de Marinho) com 20 golos. Deixou uma marca fant\u00e1stica na Hist\u00f3ria do Futebol sportinguista. Futebolista com uma \u201cvoltagem\u201d impressionante, foi sempre dos mais utilizados da equipa, jogando e fazendo jogar, mostrando grandes aptid\u00f5es n\u00e3o s\u00f3 na constru\u00e7\u00e3o de jogo como na finaliza\u00e7\u00e3o.<\/p>\n<p>Na Madeira esteve em bom plano, ajudando a subir a equipa \u00e0 1\u00aa divis\u00e3o, facto que repetiu no Portimonense em 1978\/79. Em 1980 p\u00f4s um ponto final \u00e0 sua brilhante carreira, onde atingiu por 3 vezes a internacionaliza\u00e7\u00e3o pela Sele\u00e7\u00e3o A (manifestamente pouco para um futebolista da sua estirpe).<\/p>\n<table border=\"1\" width=\"414\" cellspacing=\"0\" cellpadding=\"0\">\n<tbody>\n<tr>\n<td colspan=\"7\" valign=\"top\" width=\"414\"><strong>GOLOS de NELSON pelo SPORTING<\/strong><\/td>\n<\/tr>\n<tr>\n<td valign=\"top\" width=\"73\">\u00c9POCA<\/td>\n<td valign=\"top\" width=\"57\">TC<\/td>\n<td valign=\"top\" width=\"57\">TT<\/td>\n<td valign=\"top\" width=\"57\">TU<\/td>\n<td valign=\"top\" width=\"57\">CN<\/td>\n<td valign=\"top\" width=\"57\">TP<\/td>\n<td valign=\"top\" width=\"57\">TOTAL<\/td>\n<\/tr>\n<tr>\n<td valign=\"top\" width=\"73\">1969\/70<\/td>\n<td valign=\"top\" width=\"57\">&#8211;<\/td>\n<td valign=\"top\" width=\"57\">&#8211;<\/td>\n<td valign=\"top\" width=\"57\">0<\/td>\n<td valign=\"top\" width=\"57\">17<\/td>\n<td valign=\"top\" width=\"57\">3<\/td>\n<td valign=\"top\" width=\"57\">20<\/td>\n<\/tr>\n<tr>\n<td valign=\"top\" width=\"73\">1970\/71<\/td>\n<td valign=\"top\" width=\"57\">2<\/td>\n<td valign=\"top\" width=\"57\">&#8211;<\/td>\n<td valign=\"top\" width=\"57\">&#8211;<\/td>\n<td valign=\"top\" width=\"57\">7<\/td>\n<td valign=\"top\" width=\"57\">2<\/td>\n<td valign=\"top\" width=\"57\">11<\/td>\n<\/tr>\n<tr>\n<td valign=\"top\" width=\"73\">1971\/72<\/td>\n<td valign=\"top\" width=\"57\">&#8211;<\/td>\n<td valign=\"top\" width=\"57\">0<\/td>\n<td valign=\"top\" width=\"57\">&#8211;<\/td>\n<td valign=\"top\" width=\"57\">5<\/td>\n<td valign=\"top\" width=\"57\">2<\/td>\n<td valign=\"top\" width=\"57\">7<\/td>\n<\/tr>\n<tr>\n<td valign=\"top\" width=\"73\">1972\/73<\/td>\n<td valign=\"top\" width=\"57\">&#8211;<\/td>\n<td valign=\"top\" width=\"57\">0<\/td>\n<td valign=\"top\" width=\"57\">&#8211;<\/td>\n<td valign=\"top\" width=\"57\">17<\/td>\n<td valign=\"top\" width=\"57\">2<\/td>\n<td valign=\"top\" width=\"57\">19<\/td>\n<\/tr>\n<tr>\n<td valign=\"top\" width=\"73\">1973\/74<\/td>\n<td valign=\"top\" width=\"57\">&#8211;<\/td>\n<td valign=\"top\" width=\"57\">1<\/td>\n<td valign=\"top\" width=\"57\">&#8211;<\/td>\n<td valign=\"top\" width=\"57\">11<\/td>\n<td valign=\"top\" width=\"57\">1<\/td>\n<td valign=\"top\" width=\"57\">13<\/td>\n<\/tr>\n<tr>\n<td valign=\"top\" width=\"73\">1974\/75<\/td>\n<td valign=\"top\" width=\"57\">0<\/td>\n<td valign=\"top\" width=\"57\">&#8211;<\/td>\n<td valign=\"top\" width=\"57\">&#8211;<\/td>\n<td valign=\"top\" width=\"57\">10<\/td>\n<td valign=\"top\" width=\"57\">0<\/td>\n<td valign=\"top\" width=\"57\">10<\/td>\n<\/tr>\n<tr>\n<td valign=\"top\" width=\"73\">1975\/76<\/td>\n<td valign=\"top\" width=\"57\">&#8211;<\/td>\n<td valign=\"top\" width=\"57\">&#8211;<\/td>\n<td valign=\"top\" width=\"57\">0<\/td>\n<td valign=\"top\" width=\"57\">3<\/td>\n<td valign=\"top\" width=\"57\">0<\/td>\n<td valign=\"top\" width=\"57\">3<\/td>\n<\/tr>\n<tr>\n<td valign=\"top\" width=\"73\"><strong>Total<\/strong><\/td>\n<td valign=\"top\" width=\"57\"><strong>2<\/strong><\/td>\n<td valign=\"top\" width=\"57\"><strong>1<\/strong><\/td>\n<td valign=\"top\" width=\"57\"><strong>0<\/strong><\/td>\n<td valign=\"top\" width=\"57\"><strong>70<\/strong><\/td>\n<td valign=\"top\" width=\"57\"><strong>10<\/strong><\/td>\n<td valign=\"top\" width=\"57\"><strong>83<\/strong><\/td>\n<\/tr>\n<\/tbody>\n<\/table>\n<div class=\"tweetthis\" style=\"text-align:left;\"><p> <a target=\"_blank\" rel=\"nofollow\" class=\"tt\" href=\"http:\/\/twitter.com\/home\/?status=Nelson+%E2%80%93+M%C3%A9dio+ofensivo+de+%E2%80%9Calta+voltagem%E2%80%9D+https%3A%2F%2Fis.gd%2FrmQquI\" title=\"Post to Twitter\"><img decoding=\"async\" class=\"nothumb\" src=\"http:\/\/www.sportingcanal.com\/wp-content\/plugins\/tweet-this\/icons\/en\/twitter\/tt-twitter6.png\" alt=\"Post to Twitter\" \/><\/a><\/p><\/div>","protected":false},"excerpt":{"rendered":"<p>Nelson Fernandes nasceu a 3 de Agosto de 1946 no Funchal &#8211; Ilha da Madeira. Come\u00e7ou por jogar nas camadas jovens do Mar\u00edtimo e logo se evidenciou grandemente. Com apenas 15 anos rumou ao Benfica e chegou \u00e0 internacionaliza\u00e7\u00e3o. Na altura era um avan\u00e7ado-centro &#8211; com muita t\u00e9cnica, oportunista e bom jogo de cabe\u00e7a. Chegado [&hellip;]<\/p>\n","protected":false},"author":1,"featured_media":38405,"comment_status":"open","ping_status":"open","sticky":false,"template":"","format":"standard","meta":{"_et_pb_use_builder":"","_et_pb_old_content":"","_et_gb_content_width":"","footnotes":""},"categories":[63],"tags":[8,64],"_links":{"self":[{"href":"https:\/\/www.sportingcanal.com\/index.php?rest_route=\/wp\/v2\/posts\/5965"}],"collection":[{"href":"https:\/\/www.sportingcanal.com\/index.php?rest_route=\/wp\/v2\/posts"}],"about":[{"href":"https:\/\/www.sportingcanal.com\/index.php?rest_route=\/wp\/v2\/types\/post"}],"author":[{"embeddable":true,"href":"https:\/\/www.sportingcanal.com\/index.php?rest_route=\/wp\/v2\/users\/1"}],"replies":[{"embeddable":true,"href":"https:\/\/www.sportingcanal.com\/index.php?rest_route=%2Fwp%2Fv2%2Fcomments&post=5965"}],"version-history":[{"count":22,"href":"https:\/\/www.sportingcanal.com\/index.php?rest_route=\/wp\/v2\/posts\/5965\/revisions"}],"predecessor-version":[{"id":38406,"href":"https:\/\/www.sportingcanal.com\/index.php?rest_route=\/wp\/v2\/posts\/5965\/revisions\/38406"}],"wp:featuredmedia":[{"embeddable":true,"href":"https:\/\/www.sportingcanal.com\/index.php?rest_route=\/wp\/v2\/media\/38405"}],"wp:attachment":[{"href":"https:\/\/www.sportingcanal.com\/index.php?rest_route=%2Fwp%2Fv2%2Fmedia&parent=5965"}],"wp:term":[{"taxonomy":"category","embeddable":true,"href":"https:\/\/www.sportingcanal.com\/index.php?rest_route=%2Fwp%2Fv2%2Fcategories&post=5965"},{"taxonomy":"post_tag","embeddable":true,"href":"https:\/\/www.sportingcanal.com\/index.php?rest_route=%2Fwp%2Fv2%2Ftags&post=5965"}],"curies":[{"name":"wp","href":"https:\/\/api.w.org\/{rel}","templated":true}]}}