{"id":5978,"date":"2025-08-07T08:00:37","date_gmt":"2025-08-07T07:00:37","guid":{"rendered":"http:\/\/www.sportingcanal.com\/?p=5978"},"modified":"2025-08-07T10:44:50","modified_gmt":"2025-08-07T09:44:50","slug":"o-atletismo-era-um-caso-a-parte","status":"publish","type":"post","link":"https:\/\/www.sportingcanal.com\/?p=5978","title":{"rendered":"1927 &#8211; O Atletismo era um caso \u00e0 parte"},"content":{"rendered":"<p>7 de Agosto de 1927. Nos 6\u00bas Campeonatos Nacionais de Atletismo (realizados no Stadium de Lisboa neste dia e na v\u00e9spera), e apesar de alinhar desfalcado de v\u00e1rias das suas principais figuras, o Sporting obteve 6 triunfos individuais (ainda n\u00e3o havia atribui\u00e7\u00e3o de t\u00edtulo coletivo). Destaque para Fernando Marrecas, que bateu o recorde nacional no triplo-salto com 12m94cm. Os triunfos:<\/p>\n<p>110m barreiras \u2013 Ara\u00fajo Ferreira \u2013 17,8s<\/p>\n<p>400m barreiras \u2013 Jos\u00e9 Carvalho Amaro \u2013 1m05,2s<\/p>\n<p>Altura \u2013 1\u00ba Pascoal de Ameida \u2013 1m75cm<\/p>\n<p>Comprimento \u2013 1\u00ba Fernando Marrecas \u2013 6m41cm<\/p>\n<p>Dardo \u2013 1\u00ba Ars\u00e9nio Soares \u2013 44m55cm<\/p>\n<p>Triplo Salto \u2013 1\u00ba Fernando Marrecas \u2013 12m94cm (novo recorde nacional)<\/p>\n<p>Mau grado a grav\u00edssima crise financeira, o Atletismo leonino permaneceu no top servindo como compensa\u00e7\u00e3o \u00e0s dece\u00e7\u00f5es do Futebol e da tesouraria. Ali\u00e1s, no pr\u00f3prio jornal do clube se fazia um apelo \u00e0 sua pr\u00e1tica: \u201c\u201cO Atletismo \u00e9 a mais simples e a mais natural das modalidades desportivas. A pr\u00e1tica atl\u00e9tica tr\u00e1s-nos o prazer duma constante e f\u00e1cil auto-avalia\u00e7\u00e3o dos progressos realizados. O Atletismo deve ser, na atividade desportiva, o Futebol dos meses estivais. N\u00e3o \u00e9 apenas praticando o Futebol que se pode lutar pelo bom nome do Sporting. Vem treinar \u00e0s ter\u00e7as, quintas e s\u00e1bados, \u00e0s 17 horas\u201d.<\/p>\n<p>J\u00e1 em termos Regionais a equipa leonina f\u00f4ra a que mais vit\u00f3rias alcan\u00e7ou, conquistando por isso a ta\u00e7a Sobral Dias. Os verde e brancos concorreram com 24 atletas, e em 19 provas conquistaram 10, batendo 5 recordes nacionais! \u2013 Jos\u00e9 Carvalho Amaro nos 400m barreiras (1m03,8s), Ab\u00edlio Nascimento nos 800m (2m07,2s), Alberto Pepino, Jos\u00e9 Palhares Costa, Jos\u00e9 Carvalho Amaro e Ab\u00edlio Nascimento nos 4X400m (3m47,2s), Ars\u00e9nio Soares no lan\u00e7amento do dardo (46m17cm) e Fernando Marrecas no triplo-salto (12m69cm) \u2013 um espanto. Esta foi a vit\u00f3ria do m\u00e9todo, da persist\u00eancia e da disciplina, numa sec\u00e7\u00e3o que constitu\u00eda a \u201cmenina dos olhos\u201d do clube.<\/p>\n<p>Na Ta\u00e7a Ant\u00f3nio Stromp os atletas leoninos tamb\u00e9m n\u00e3o vacilaram, conquistando a vit\u00f3ria colectiva e v\u00e1rios triunfos individuais,com destaque para os recordes nacionais nos 500m &#8211; de Jos\u00e9 Carvalho Amaro (1m13,2s), nos 1.000m &#8211; de Ab\u00edlio Nascimento (2m48,8s) e no lan\u00e7amento do dardo &#8211; de Ars\u00e9nio Soares (43m46cm \u2013 que viria a superar no j\u00e1 referido Campeonato Nacional ).<\/p>\n<p>Para al\u00e9m de tudo isto, Manuel Dias triunfou no Campeonato Regional de Crosse (a 2\u00aa vit\u00f3ria leonina, depois da Cec\u00edlio Costa em 1923). O mesmo atleta, pujante como nunca, bateria o recorde nacional dos 3.000 metros no Concurso do Acad\u00e9mico (9m16,8s). Na mesma prova, Ars\u00e9nio Soares pulverizou o recorde de Portugal do lan\u00e7amento do dardo (46m92cm).<\/p>\n<p>Na foto: Fernando Marrecas num dos seus magn\u00edficos saltos.<\/p>\n<div class=\"tweetthis\" style=\"text-align:left;\"><p> <a target=\"_blank\" rel=\"nofollow\" class=\"tt\" href=\"http:\/\/twitter.com\/home\/?status=1927+%E2%80%93+O+Atletismo+era+um+caso+%C3%A0+parte+https%3A%2F%2Fis.gd%2FlKI8gQ\" title=\"Post to Twitter\"><img decoding=\"async\" class=\"nothumb\" src=\"http:\/\/www.sportingcanal.com\/wp-content\/plugins\/tweet-this\/icons\/en\/twitter\/tt-twitter6.png\" alt=\"Post to Twitter\" \/><\/a><\/p><\/div>","protected":false},"excerpt":{"rendered":"<p>7 de Agosto de 1927. Nos 6\u00bas Campeonatos Nacionais de Atletismo (realizados no Stadium de Lisboa neste dia e na v\u00e9spera), e apesar de alinhar desfalcado de v\u00e1rias das suas principais figuras, o Sporting obteve 6 triunfos individuais (ainda n\u00e3o havia atribui\u00e7\u00e3o de t\u00edtulo coletivo). Destaque para Fernando Marrecas, que bateu o recorde nacional no [&hellip;]<\/p>\n","protected":false},"author":1,"featured_media":38419,"comment_status":"open","ping_status":"open","sticky":false,"template":"","format":"standard","meta":{"_et_pb_use_builder":"","_et_pb_old_content":"","_et_gb_content_width":"","footnotes":""},"categories":[4],"tags":[21,22],"_links":{"self":[{"href":"https:\/\/www.sportingcanal.com\/index.php?rest_route=\/wp\/v2\/posts\/5978"}],"collection":[{"href":"https:\/\/www.sportingcanal.com\/index.php?rest_route=\/wp\/v2\/posts"}],"about":[{"href":"https:\/\/www.sportingcanal.com\/index.php?rest_route=\/wp\/v2\/types\/post"}],"author":[{"embeddable":true,"href":"https:\/\/www.sportingcanal.com\/index.php?rest_route=\/wp\/v2\/users\/1"}],"replies":[{"embeddable":true,"href":"https:\/\/www.sportingcanal.com\/index.php?rest_route=%2Fwp%2Fv2%2Fcomments&post=5978"}],"version-history":[{"count":21,"href":"https:\/\/www.sportingcanal.com\/index.php?rest_route=\/wp\/v2\/posts\/5978\/revisions"}],"predecessor-version":[{"id":38420,"href":"https:\/\/www.sportingcanal.com\/index.php?rest_route=\/wp\/v2\/posts\/5978\/revisions\/38420"}],"wp:featuredmedia":[{"embeddable":true,"href":"https:\/\/www.sportingcanal.com\/index.php?rest_route=\/wp\/v2\/media\/38419"}],"wp:attachment":[{"href":"https:\/\/www.sportingcanal.com\/index.php?rest_route=%2Fwp%2Fv2%2Fmedia&parent=5978"}],"wp:term":[{"taxonomy":"category","embeddable":true,"href":"https:\/\/www.sportingcanal.com\/index.php?rest_route=%2Fwp%2Fv2%2Fcategories&post=5978"},{"taxonomy":"post_tag","embeddable":true,"href":"https:\/\/www.sportingcanal.com\/index.php?rest_route=%2Fwp%2Fv2%2Ftags&post=5978"}],"curies":[{"name":"wp","href":"https:\/\/api.w.org\/{rel}","templated":true}]}}