{"id":5990,"date":"2025-08-08T10:00:26","date_gmt":"2025-08-08T09:00:26","guid":{"rendered":"http:\/\/www.sportingcanal.com\/?p=5990"},"modified":"2025-08-08T12:53:02","modified_gmt":"2025-08-08T11:53:02","slug":"1971-joaquim-agostinho-e-sporting-triunfaram-na-volta-a-portugal-mais-dura-de-sempre","status":"publish","type":"post","link":"https:\/\/www.sportingcanal.com\/?p=5990","title":{"rendered":"1971 \u2013 Joaquim Agostinho e Sporting triunfaram na Volta a Portugal mais dura at\u00e9 ent\u00e3o"},"content":{"rendered":"<p>8 de Agosto de 1971. A Volta a Portugal mais dura de sempre (at\u00e9 \u00e0 altura) terminava no Alvalade perante 40.000 espectadores e 50 contos de receita. Foi a maior enchente de sempre em Portugal (mesmo com chuva), pelo Ciclismo e sobretudo por <a href=\"http:\/\/www.sportingcanal.com\/?p=1442\">Joaquim Agostinho<\/a>, um verdadeiro \u00eddolo no nosso pa\u00eds.<\/p>\n<p>No final da competi\u00e7\u00e3o Agostinho &#8220;deu&#8221; 11m05s ao 2\u00ba classificado &#8211; Firmino Bernardino. Quanto aos outros sportinguistas, V\u00edtor Rocha foi 9\u00ba a 19m54s, Ant\u00f3nio Mar\u00e7alo foi 14\u00ba, a 27m49s, Francisco Miranda foi 15\u00ba, Manuel Lu\u00eds 17\u00ba, Emiliano Dion\u00edsio 19\u00ba, Jo\u00e3o Curto 31\u00ba e Ant\u00f3nio Teixeira 32\u00ba.<\/p>\n<p>Agostinho imitou um feito conseguido anos antes por Alves Barbosa &#8211; vestir a amarela do princ\u00edpio ao fim da Volta. Numa das \u00faltima etapas, Br\u00e1s Medeiros, presidente do Sporting, deslocou-se propositadamente a Alcoba\u00e7a para assinar um novo contrato com o ciclista por mais 3 anos com a ressalva de o deixar correr em Fran\u00e7a mas a obrigatoriedade de vir a Portugal participar em todas as provas mais importantes.<\/p>\n<p>No final, Agostinho afirmou: \u201cEncontrei dificuldades mas n\u00e3o tantas como na Volta a Fran\u00e7a. O problema n\u00e3o \u00e9 de subidas e descidas, de advers\u00e1rios dif\u00edceis ou f\u00e1ceis, o problema \u00e9 que em Fran\u00e7a corro sozinho. Aqui tive uma equipa a ajudar-me, um conjunto magn\u00edfico que me permitiu sair de Lisboa em 1\u00ba e chegar na mesma posi\u00e7\u00e3o. Pena foi que o tempo n\u00e3o tivesse ajudado \u00e0 festa. Terei uns dias para descansar mas depois regresso ao trabalho. Ou aproveito agora ou nunca\u201d.<\/p>\n<p>Gribaldy, o empres\u00e1rio de Agostinho, tamb\u00e9m marcou presen\u00e7a: &#8220;Vim a Portugal porque n\u00e3o se justificava faltar a mais este triunfo desse grande corredor chamado Joaquim Agostinho. N\u00e3o podia perder este espet\u00e1culo \u00fanico em todo o Mundo. Nunca vi coisa assim. Nunca vi, em qualquer final de outras Voltas, tanta gente nem tanta vibra\u00e7\u00e3o&#8221;.<\/p>\n<p>O Sporting venceu coletivamente (pela 9\u00aa vez) com mais de 20 minutos de avan\u00e7o da Coelima. O Benfica foi 3\u00ba e o FC Porto 8\u00ba. As classifica\u00e7\u00f5es foram todas ganhas por ciclistas do Sporting: Montanha \u2013 Firmino Bernardino; Metas Volantes \u2013 Emiliano Dion\u00edsio; Pontos \u2013 Joaquim Agostinho; Combinado \u2013 Joaquim Agostinho.<\/p>\n<p>Cerca de 1 m\u00eas e meio antes deste seu 2\u00ba triunfo na Volta a Portugal, Joaquim Agostinho alcan\u00e7ara o 4\u00ba t\u00edtulo consecutivo nos Nacionais de fundo.<\/p>\n<div class=\"tweetthis\" style=\"text-align:left;\"><p> <a target=\"_blank\" rel=\"nofollow\" class=\"tt\" href=\"http:\/\/twitter.com\/home\/?status=1971+%E2%80%93+Joaquim+Agostinho+e+Sporting+triunfaram+na+Volta+a+Portugal+mais+dura+at%C3%A9+ent%C3%A3o+https%3A%2F%2Fis.gd%2FeAxLwo\" title=\"Post to Twitter\"><img decoding=\"async\" class=\"nothumb\" src=\"http:\/\/www.sportingcanal.com\/wp-content\/plugins\/tweet-this\/icons\/en\/twitter\/tt-twitter6.png\" alt=\"Post to Twitter\" \/><\/a><\/p><\/div>","protected":false},"excerpt":{"rendered":"<p>8 de Agosto de 1971. A Volta a Portugal mais dura de sempre (at\u00e9 \u00e0 altura) terminava no Alvalade perante 40.000 espectadores e 50 contos de receita. Foi a maior enchente de sempre em Portugal (mesmo com chuva), pelo Ciclismo e sobretudo por Joaquim Agostinho, um verdadeiro \u00eddolo no nosso pa\u00eds. No final da competi\u00e7\u00e3o [&hellip;]<\/p>\n","protected":false},"author":1,"featured_media":38427,"comment_status":"open","ping_status":"open","sticky":false,"template":"","format":"standard","meta":{"_et_pb_use_builder":"","_et_pb_old_content":"","_et_gb_content_width":"","footnotes":""},"categories":[17],"tags":[29],"_links":{"self":[{"href":"https:\/\/www.sportingcanal.com\/index.php?rest_route=\/wp\/v2\/posts\/5990"}],"collection":[{"href":"https:\/\/www.sportingcanal.com\/index.php?rest_route=\/wp\/v2\/posts"}],"about":[{"href":"https:\/\/www.sportingcanal.com\/index.php?rest_route=\/wp\/v2\/types\/post"}],"author":[{"embeddable":true,"href":"https:\/\/www.sportingcanal.com\/index.php?rest_route=\/wp\/v2\/users\/1"}],"replies":[{"embeddable":true,"href":"https:\/\/www.sportingcanal.com\/index.php?rest_route=%2Fwp%2Fv2%2Fcomments&post=5990"}],"version-history":[{"count":28,"href":"https:\/\/www.sportingcanal.com\/index.php?rest_route=\/wp\/v2\/posts\/5990\/revisions"}],"predecessor-version":[{"id":38429,"href":"https:\/\/www.sportingcanal.com\/index.php?rest_route=\/wp\/v2\/posts\/5990\/revisions\/38429"}],"wp:featuredmedia":[{"embeddable":true,"href":"https:\/\/www.sportingcanal.com\/index.php?rest_route=\/wp\/v2\/media\/38427"}],"wp:attachment":[{"href":"https:\/\/www.sportingcanal.com\/index.php?rest_route=%2Fwp%2Fv2%2Fmedia&parent=5990"}],"wp:term":[{"taxonomy":"category","embeddable":true,"href":"https:\/\/www.sportingcanal.com\/index.php?rest_route=%2Fwp%2Fv2%2Fcategories&post=5990"},{"taxonomy":"post_tag","embeddable":true,"href":"https:\/\/www.sportingcanal.com\/index.php?rest_route=%2Fwp%2Fv2%2Ftags&post=5990"}],"curies":[{"name":"wp","href":"https:\/\/api.w.org\/{rel}","templated":true}]}}