{"id":6000,"date":"2025-08-09T09:00:23","date_gmt":"2025-08-09T08:00:23","guid":{"rendered":"http:\/\/www.sportingcanal.com\/?p=6000"},"modified":"2025-08-09T14:55:29","modified_gmt":"2025-08-09T13:55:29","slug":"1970-1%c2%ba-triunfo-na-volta-a-portugal-para-agostinho-e-vitoria-colectiva-do-sporting","status":"publish","type":"post","link":"https:\/\/www.sportingcanal.com\/?p=6000","title":{"rendered":"1970 \u2013 1\u00ba triunfo na Volta a Portugal para Agostinho e vit\u00f3ria coletiva do Sporting"},"content":{"rendered":"<p>9 de Agosto de 1970.\u00a0Finalmente, <a href=\"http:\/\/www.sportingcanal.com\/?p=1442\">Joaquim Agostinho<\/a> chegou ao triunfo na Volta a Portugal em bicicleta (o ano anterior o t\u00edtulo tinha-lhe sido usurpado por, estranhamente, ter acusado doping&#8230;), provando que n\u00e3o precisava de recorrer a meios il\u00edcitos para ser, de longe, o melhor. O 2\u00ba classificado, Firmino Bernardino (tamb\u00e9m do Sporting), ficou a 6m59s. Coletivamente o Sporting tamb\u00e9m venceu (pela 8\u00aa vez) deixando o FC Porto (2\u00ba) a 19m42s.<\/p>\n<p>O dom\u00ednio de Agostinho e do Sporting evidenciou-se desde a primeira pedalada. Os le\u00f5es obtiveram outras honras: Classifica\u00e7\u00e3o por pontos \u2013 Leonel Miranda; Pr\u00e9mio da Montanha \u2013 Firmino Bernardino; Combinado \u2013 Joaquim Agostinho.<\/p>\n<p>Na \u00faltima etapa, nesse dia, contra-rel\u00f3gio de 35km entre Vila Franca de Xira e Lisboa. Enquanto os outros pedalavam, Agostinho parecia deslizar pela estrada tal a eleg\u00e2ncia e a eloqu\u00eancia do seu andamento. Ao longo dos 35km Agostinho foi aplaudido incessantemente com um alarido tremendo. Com uma pedalada forte, decidida, cara fechada e sentido de responsabilidade, Agostinho chegou em gl\u00f3ria a Alvalade onde se perdeu num &#8220;mar&#8221; de abra\u00e7os, alvo de uma apoteose fant\u00e1stica.<\/p>\n<p>A classifica\u00e7\u00e3o de todos os le\u00f5es na competi\u00e7\u00e3o: 1\u00ba Joaquim Agostinho (\u00e0 m\u00e9dia de 37,864km\/h), 2\u00ba Firmino Bernardino, 5\u00ba Leonel Miranda, 13\u00ba Regis Delepine, 16\u00ba Jos\u00e9 Vieira, 19\u00ba V\u00edtor Rocha, 20\u00ba Albert Fritz, 21\u00ba Emiliano Dion\u00edsio, 33\u00ba Manuel Lu\u00eds, 36\u00ba Manuel Mendes.<\/p>\n<p>O t\u00e9cnico do Sporting era S\u00e9rgio P\u00e1scoa, de 31 anos, que ainda no ano anterior tinha feito a Volta a Portugal como ciclista. No final declarou-se satisfeit\u00edssimo: \u201cTudo correu de forma maravilhosa. Obtiv\u00e9mos os melhores pr\u00e9mios, as posi\u00e7\u00f5es mais honrosas. A Volta foi bem disputada, o Sporting \u00eda mentalizado para ganhar, os corredores sabiam o que queriam e os refor\u00e7os Fritz e D\u00e9l\u00e9pine vieram mesmo refor\u00e7ar o coletivo\u201d.<\/p>\n<p>O contra-rel\u00f3gio final foi relatado pela Emissora Nacional. O p\u00fablico de Alvalade, com transistor na m\u00e3o, acompanhava todas as incid\u00eancias e \u00eda sendo informado metro a metro da diab\u00f3lica prova do seu her\u00f3i. O auge veio quando Agostinho entrou em Alvalade. O p\u00fablico levantou-se, aplaudio-o com vibra\u00e7\u00e3o, atirou-lhe serpentinas, dedicou-lhe cartazes de elogio. Depois Agostinho deu as voltas de honra, referindo no final: \u201cVim para a prova para fazer a minha corrida e nada mais. Aproveitei as oportunidades que se me depararam. As etapas variam muito e o Ciclismo \u00e9 um desporto muito sens\u00edvel. Este n\u00e3o foi o meu 1\u00ba triunfo na Volta, o ano passado tamb\u00e9m ganhei, n\u00e3o sei como explicar o que se passou\u201d.<\/p>\n<p>Para Joaquim Agostinho esta vit\u00f3ria foi de grande import\u00e2ncia pois permitiu moraliz\u00e1-lo e afastar o espetro de que n\u00e3o conseguia uma vit\u00f3ria retumbante em Portugal, isto mesmo tendo em considera\u00e7\u00e3o o facto de ser Campe\u00e3o Nacional de fundo h\u00e1 3 anos, uma prova que, no entanto, n\u00e3o possu\u00eda o prest\u00edgio nem a divulga\u00e7\u00e3o da Volta a Portugal em bicicleta.<\/p>\n<p>Ali\u00e1s, esta foi mais uma \u00e9poca not\u00e1vel de Joaquim Agostinho. O 1\u00ba grande triunfo aconteceu no j\u00e1 referido Campeonato Nacional de Fundo, no qual o sportinguista obteve o seu 3\u00ba t\u00edtulo consecutivo superando por 2m16s o benfiquista Fernando Mendes. Poucos dias depois o magn\u00edfico ciclista do Sporting partiu para o \u201cTour\u201d de Fran\u00e7a tendo afirmado que n\u00e3o iria para a &#8220;prova rainha&#8221; do Ciclismo mundial para fazer n\u00famero. Na verdade, assim aconteceu. Pela 2\u00aa vez foi-lhe atribuido o pr\u00e9mio da combatividade. Pena foram os problemas no seio da equipa pois os seus colegas n\u00e3o o ajudaram convenientemente a chegar o mais longe poss\u00edvel. Assim, o 14\u00ba lugar final soube a frustra\u00e7\u00e3o, amenizada pela palavras do campeon\u00edssimo Eddy Merckx, vencedor na competi\u00e7\u00e3o: \u201cAgostinho \u00e9 um fora-de-s\u00e9rie, \u00e9 um ciclista de grande, de enorme valor. Tenho para mim que Agostinho pertence ao grupo daqueles que, quando pressinto que ele est\u00e1 para atacar, ataco eu que \u00e9 para n\u00e3o lhe dar <em>chance<\/em> nenhuma e continuar a ter a corrida na m\u00e3o.\u201d. J\u00e1 nos Campos El\u00edseos, Louis Caput, ex-orientador t\u00e9cnico da Frimatic, atual equipa de Agostinho, referiu que, sem se querer imiscuir no trabalho da sua antiga equipa: \u201cO que faltou a Agostinho foi uma orienta\u00e7\u00e3o adequada e uma equipa que ajudasse. N\u00e3o se tenham d\u00favidas. Depois de Merckx, Joaquim Agostinho foi o melhor dos ciclistas presentes neste \u201cTour\u201d e poderia ter sido o 2\u00ba. Excluindo o excecional belga, foi ele que demonstrou possuir, pelo menos, mais for\u00e7a.\u201d.<\/p>\n<div class=\"tweetthis\" style=\"text-align:left;\"><p> <a target=\"_blank\" rel=\"nofollow\" class=\"tt\" href=\"http:\/\/twitter.com\/home\/?status=1970+%E2%80%93+1%C2%BA+triunfo+na+Volta+a+Portugal+para+Agostinho+e+vit%C3%B3ria+coletiva+do+Sporting+https%3A%2F%2Fis.gd%2FS9eiG7\" title=\"Post to Twitter\"><img decoding=\"async\" class=\"nothumb\" src=\"http:\/\/www.sportingcanal.com\/wp-content\/plugins\/tweet-this\/icons\/en\/twitter\/tt-twitter6.png\" alt=\"Post to Twitter\" \/><\/a><\/p><\/div>","protected":false},"excerpt":{"rendered":"<p>9 de Agosto de 1970.\u00a0Finalmente, Joaquim Agostinho chegou ao triunfo na Volta a Portugal em bicicleta (o ano anterior o t\u00edtulo tinha-lhe sido usurpado por, estranhamente, ter acusado doping&#8230;), provando que n\u00e3o precisava de recorrer a meios il\u00edcitos para ser, de longe, o melhor. O 2\u00ba classificado, Firmino Bernardino (tamb\u00e9m do Sporting), ficou a 6m59s. [&hellip;]<\/p>\n","protected":false},"author":1,"featured_media":38436,"comment_status":"open","ping_status":"open","sticky":false,"template":"","format":"standard","meta":{"_et_pb_use_builder":"","_et_pb_old_content":"","_et_gb_content_width":"","footnotes":""},"categories":[17],"tags":[29],"_links":{"self":[{"href":"https:\/\/www.sportingcanal.com\/index.php?rest_route=\/wp\/v2\/posts\/6000"}],"collection":[{"href":"https:\/\/www.sportingcanal.com\/index.php?rest_route=\/wp\/v2\/posts"}],"about":[{"href":"https:\/\/www.sportingcanal.com\/index.php?rest_route=\/wp\/v2\/types\/post"}],"author":[{"embeddable":true,"href":"https:\/\/www.sportingcanal.com\/index.php?rest_route=\/wp\/v2\/users\/1"}],"replies":[{"embeddable":true,"href":"https:\/\/www.sportingcanal.com\/index.php?rest_route=%2Fwp%2Fv2%2Fcomments&post=6000"}],"version-history":[{"count":23,"href":"https:\/\/www.sportingcanal.com\/index.php?rest_route=\/wp\/v2\/posts\/6000\/revisions"}],"predecessor-version":[{"id":38437,"href":"https:\/\/www.sportingcanal.com\/index.php?rest_route=\/wp\/v2\/posts\/6000\/revisions\/38437"}],"wp:featuredmedia":[{"embeddable":true,"href":"https:\/\/www.sportingcanal.com\/index.php?rest_route=\/wp\/v2\/media\/38436"}],"wp:attachment":[{"href":"https:\/\/www.sportingcanal.com\/index.php?rest_route=%2Fwp%2Fv2%2Fmedia&parent=6000"}],"wp:term":[{"taxonomy":"category","embeddable":true,"href":"https:\/\/www.sportingcanal.com\/index.php?rest_route=%2Fwp%2Fv2%2Fcategories&post=6000"},{"taxonomy":"post_tag","embeddable":true,"href":"https:\/\/www.sportingcanal.com\/index.php?rest_route=%2Fwp%2Fv2%2Ftags&post=6000"}],"curies":[{"name":"wp","href":"https:\/\/api.w.org\/{rel}","templated":true}]}}