{"id":6057,"date":"2025-08-11T08:00:19","date_gmt":"2025-08-11T07:00:19","guid":{"rendered":"http:\/\/www.sportingcanal.com\/?p=6057"},"modified":"2025-08-11T12:05:08","modified_gmt":"2025-08-11T11:05:08","slug":"ivkovic-uma-figura-marcante-na-baliza-do-sporting","status":"publish","type":"post","link":"https:\/\/www.sportingcanal.com\/?p=6057","title":{"rendered":"Ivkovic \u2013 Uma figura marcante na baliza do Sporting"},"content":{"rendered":"<p>Tomislav Ivkovic nasceu a 11 de Agosto de 1960 em Zagreb \u2013 Cro\u00e1cia (antiga Jugosl\u00e1via). Come\u00e7ou por jogar no clube da sua cidade, o Dinamo, pelo qual foi campe\u00e3o e ganhou uma Ta\u00e7a da Jugosl\u00e1via. Alinhou depois no Dinamo Vinkovci, Estrela Vermelha (onde tamb\u00e9m foi campe\u00e3o e ganhou a Ta\u00e7a), Swarowski Tirol (pelo qual defrontou o Sporting em 1987\/88), Wienner e Genk.<\/p>\n<p>Chegou ao Sporting no defeso de 1989 (anunciado por Sousa Cintra \u2013 rec\u00e9m-eleito presidente, como um dos melhores do mundo no seu posto) e estreou-se oficialmente (com Manuel Jos\u00e9) a 20 de Agosto num Sporting-Vit\u00f3ria de Guimar\u00e3es (3-2) para a 1\u00aa jornada do Campeonato Nacional. A fama com que vinha e o bom desempenho que entretanto teve, fizeram-no ganhar rapidamente a baliza sportinguista, a ponto de ter realizado 33 dos 37 jogos oficiais dessa 1\u00aa temporada de verde e branco. Logo em in\u00edcio de \u00e9poca ficou c\u00e9lebre a hist\u00f3ria da aposta com Maradona aquando da marca\u00e7\u00e3o do argentino dum dos pontap\u00e9s da marca de grande penalidade no desempate frente ao N\u00e1poles para a Ta\u00e7a UEFA. Ivkovic defendeu mas o Sporting ficou pelo caminho\u2026 Curiosamente, perto de 1 ano depois, no Mundial de 1990, Ivkovic voltou a defender um penalty de Maradona!<\/p>\n<p>Na temporada seguinte, agora com Marinho Peres, Ivkovic voltou a ser um dos protagonistas da equipa, que come\u00e7ou o Campeonato com 11 triunfos consecutivos e chegou \u00e0 meia-final da Ta\u00e7a UEFA. No entanto, mais uma vez, n\u00e3o houve t\u00edtulos\u2026 Nessa \u00e9poca o guardi\u00e3o croata fez 48 dos 51 jogos da equipa. No ano que se seguiu (1991\/92) foi totalista e em 1992\/93 (agora com Bobby Robson) jogou 35 vezes em 42 jogos. Apesar disso saiu no final, \u201cv\u00edtima\u201d duma longo acumular de anos sem trof\u00e9us, sendo inesperadamente dispensado pelo t\u00e9cnico ingl\u00eas. A 30 de Maio de 1993 jogou pela \u00faltima vez, no Restelo (2-2).<\/p>\n<p>No total esteve 4 \u00e9pocas no Sporting. Em todas foi titular indiscut\u00edvel, tendo realizado 154 jogos e sofrido 112 golos, a 3\u00aa melhor m\u00e9dia de sempre nas balizas leoninas. Foi um guarda-redes elegante, com bons reflexos e que dava confian\u00e7a, apesar de alguns o acusarem de \u201cabusar\u201d do golpe de vista, o que, de facto, lhe trouxe alguns dissabores.<\/p>\n<p>Jogou depois v\u00e1rias temporadas ainda em Portugal (Estoril, Vit\u00f3ria de Set\u00fabal e Belenenses), passando 1 ano pelo Salamanca e terminando a carreira em 1998 no Estrela da Amadora.\u00a0Foi 38 vezes internacional pela Jugosl\u00e1via, tendo estado presente nos Europeu de 1984 e no Mundial de 1990. Foi ainda medalha de bronze nos Jogos Ol\u00edmpicos de Los Angeles em 1984.<\/p>\n<p>Voltou ao Sporting no in\u00edcio da temporada 1998\/99 para coadjuvar o seu compatriota Mirko Jozic (entretanto contratado), permanecendo 1 ano em fun\u00e7\u00f5es. Entre 2004 e 2006 foi treinador de guarda-redes da Sele\u00e7\u00e3o da Cro\u00e1cia, e depois teve a mesmo fun\u00e7\u00e3o nos Emirados \u00c1rabes Unidos e no Ir\u00e3o.<\/p>\n<div class=\"tweetthis\" style=\"text-align:left;\"><p> <a target=\"_blank\" rel=\"nofollow\" class=\"tt\" href=\"http:\/\/twitter.com\/home\/?status=Ivkovic+%E2%80%93+Uma+figura+marcante+na+baliza+do+Sporting+https%3A%2F%2Fis.gd%2Fm96zkX\" title=\"Post to Twitter\"><img decoding=\"async\" class=\"nothumb\" src=\"http:\/\/www.sportingcanal.com\/wp-content\/plugins\/tweet-this\/icons\/en\/twitter\/tt-twitter6.png\" alt=\"Post to Twitter\" \/><\/a><\/p><\/div>","protected":false},"excerpt":{"rendered":"<p>Tomislav Ivkovic nasceu a 11 de Agosto de 1960 em Zagreb \u2013 Cro\u00e1cia (antiga Jugosl\u00e1via). Come\u00e7ou por jogar no clube da sua cidade, o Dinamo, pelo qual foi campe\u00e3o e ganhou uma Ta\u00e7a da Jugosl\u00e1via. Alinhou depois no Dinamo Vinkovci, Estrela Vermelha (onde tamb\u00e9m foi campe\u00e3o e ganhou a Ta\u00e7a), Swarowski Tirol (pelo qual defrontou [&hellip;]<\/p>\n","protected":false},"author":1,"featured_media":38452,"comment_status":"open","ping_status":"open","sticky":false,"template":"","format":"standard","meta":{"_et_pb_use_builder":"","_et_pb_old_content":"","_et_gb_content_width":"","footnotes":""},"categories":[63],"tags":[8,52],"_links":{"self":[{"href":"https:\/\/www.sportingcanal.com\/index.php?rest_route=\/wp\/v2\/posts\/6057"}],"collection":[{"href":"https:\/\/www.sportingcanal.com\/index.php?rest_route=\/wp\/v2\/posts"}],"about":[{"href":"https:\/\/www.sportingcanal.com\/index.php?rest_route=\/wp\/v2\/types\/post"}],"author":[{"embeddable":true,"href":"https:\/\/www.sportingcanal.com\/index.php?rest_route=\/wp\/v2\/users\/1"}],"replies":[{"embeddable":true,"href":"https:\/\/www.sportingcanal.com\/index.php?rest_route=%2Fwp%2Fv2%2Fcomments&post=6057"}],"version-history":[{"count":22,"href":"https:\/\/www.sportingcanal.com\/index.php?rest_route=\/wp\/v2\/posts\/6057\/revisions"}],"predecessor-version":[{"id":38453,"href":"https:\/\/www.sportingcanal.com\/index.php?rest_route=\/wp\/v2\/posts\/6057\/revisions\/38453"}],"wp:featuredmedia":[{"embeddable":true,"href":"https:\/\/www.sportingcanal.com\/index.php?rest_route=\/wp\/v2\/media\/38452"}],"wp:attachment":[{"href":"https:\/\/www.sportingcanal.com\/index.php?rest_route=%2Fwp%2Fv2%2Fmedia&parent=6057"}],"wp:term":[{"taxonomy":"category","embeddable":true,"href":"https:\/\/www.sportingcanal.com\/index.php?rest_route=%2Fwp%2Fv2%2Fcategories&post=6057"},{"taxonomy":"post_tag","embeddable":true,"href":"https:\/\/www.sportingcanal.com\/index.php?rest_route=%2Fwp%2Fv2%2Ftags&post=6057"}],"curies":[{"name":"wp","href":"https:\/\/api.w.org\/{rel}","templated":true}]}}