{"id":6074,"date":"2025-08-12T08:00:34","date_gmt":"2025-08-12T07:00:34","guid":{"rendered":"http:\/\/www.sportingcanal.com\/?p=6074"},"modified":"2025-08-13T12:59:35","modified_gmt":"2025-08-13T11:59:35","slug":"os-melhores-no-1%c2%ba-regional-de-atletismo","status":"publish","type":"post","link":"https:\/\/www.sportingcanal.com\/?p=6074","title":{"rendered":"1922 &#8211; Os melhores no 1\u00ba Regional de Atletismo"},"content":{"rendered":"<p>12 de Agosto de 1922. Nesse dia terminaram os denominados\u00a0primeiros Campeonatos Regionais do Sul de Desportos Atl\u00e9ticos, que decorreram durante uma semana. A equipa do Sporting foi a grande triunfadora da competi\u00e7\u00e3o fazendo jus ao prest\u00edgio granjeado desde cerca de 10 anos antes por Ant\u00f3nio Stromp e seus pares.<\/p>\n<p>Assim, individualmente, os triunfadores do Sporting foram Salazar Carreira (400m, 400m barreiras \u2013 recorde nacional em 1,06m e pentatlo), Albano Martins (800m \u2013 recorde nacional em 2m08,6s, 1.500m e 5.000m), Rafael Pinto Barradas (lan\u00e7amento do dardo), Alberto Figueiredo (lan\u00e7amento do martelo) e \u00c1pio de Almeida (salto em comprimento com corrida). A equipa de Luta de Tra\u00e7\u00e3o com Ant\u00f3nio Soares Junior, Ant\u00f3nio Silva, Ant\u00f3nio Soares, Ant\u00f3nio Ac\u00e1cio da Silva, Ant\u00f3nio Salazar Dinis, Alberto Figueiredo, Joaquim Oliveira Duarte e Ra\u00fal Xavier de Brito, tamb\u00e9m venceu, mantendo a aura das suas antecessoras.<\/p>\n<p>Por equipas o Sporting totalizou 9 t\u00edtulos contra 8 do CIF. Numa classifica\u00e7\u00e3o por pontos, 3 para o primeiro, 2 para o segundo e 1 para o terceiro classificado, o Sporting triunfaria com 59 pontos, contra 40 do CIF. Segundo o jornal &#8220;Sport de Lisboa&#8221;: &#8220;Foi muito notado o facto de muitos concorrentes, at\u00e9 mesmo do Sporting, (um clube considerado como l\u00edder) terem corrido descal\u00e7os&#8221;. Na opini\u00e3o do mesmo peri\u00f3dico: \u201cEra conveniente acostumar todos os concorrentes ao uso do cal\u00e7ado. O facto foi muito reparado por se tratar do Sporting, que deveria ter um certo escr\u00fapulo na apresenta\u00e7\u00e3o dos seus atletas. Devemos acentuar tamb\u00e9m a m\u00e1 impress\u00e3o que deu o Sporting ao fazer-se representar, pelo menos numa prova, por criatura sem nenhumas condi\u00e7\u00f5es de robustez f\u00edsica!\u201d<\/p>\n<p>Com o seu capital de prest\u00edgio (adquirido por muitas vit\u00f3rias a este n\u00edvel), a equipa do Sporting tinha mais responsabilidades que as outras, e ser o clube vencedor, s\u00f3 por si, j\u00e1 n\u00e3o chegava!<\/p>\n<p>Na foto: Albano Martins, Oliveira e Sousa, Alberto Freitas e Salazar Carreira &#8211; 4 das principais figuras da equipa sportinguista.<\/p>\n<div class=\"tweetthis\" style=\"text-align:left;\"><p> <a target=\"_blank\" rel=\"nofollow\" class=\"tt\" href=\"http:\/\/twitter.com\/home\/?status=1922+%E2%80%93+Os+melhores+no+1%C2%BA+Regional+de+Atletismo+https%3A%2F%2Fis.gd%2FaLdjo2\" title=\"Post to Twitter\"><img decoding=\"async\" class=\"nothumb\" src=\"http:\/\/www.sportingcanal.com\/wp-content\/plugins\/tweet-this\/icons\/en\/twitter\/tt-twitter6.png\" alt=\"Post to Twitter\" \/><\/a><\/p><\/div>","protected":false},"excerpt":{"rendered":"<p>12 de Agosto de 1922. Nesse dia terminaram os denominados\u00a0primeiros Campeonatos Regionais do Sul de Desportos Atl\u00e9ticos, que decorreram durante uma semana. A equipa do Sporting foi a grande triunfadora da competi\u00e7\u00e3o fazendo jus ao prest\u00edgio granjeado desde cerca de 10 anos antes por Ant\u00f3nio Stromp e seus pares. Assim, individualmente, os triunfadores do Sporting [&hellip;]<\/p>\n","protected":false},"author":1,"featured_media":38456,"comment_status":"open","ping_status":"open","sticky":false,"template":"","format":"standard","meta":{"_et_pb_use_builder":"","_et_pb_old_content":"","_et_gb_content_width":"","footnotes":""},"categories":[4],"tags":[21,28],"_links":{"self":[{"href":"https:\/\/www.sportingcanal.com\/index.php?rest_route=\/wp\/v2\/posts\/6074"}],"collection":[{"href":"https:\/\/www.sportingcanal.com\/index.php?rest_route=\/wp\/v2\/posts"}],"about":[{"href":"https:\/\/www.sportingcanal.com\/index.php?rest_route=\/wp\/v2\/types\/post"}],"author":[{"embeddable":true,"href":"https:\/\/www.sportingcanal.com\/index.php?rest_route=\/wp\/v2\/users\/1"}],"replies":[{"embeddable":true,"href":"https:\/\/www.sportingcanal.com\/index.php?rest_route=%2Fwp%2Fv2%2Fcomments&post=6074"}],"version-history":[{"count":22,"href":"https:\/\/www.sportingcanal.com\/index.php?rest_route=\/wp\/v2\/posts\/6074\/revisions"}],"predecessor-version":[{"id":38457,"href":"https:\/\/www.sportingcanal.com\/index.php?rest_route=\/wp\/v2\/posts\/6074\/revisions\/38457"}],"wp:featuredmedia":[{"embeddable":true,"href":"https:\/\/www.sportingcanal.com\/index.php?rest_route=\/wp\/v2\/media\/38456"}],"wp:attachment":[{"href":"https:\/\/www.sportingcanal.com\/index.php?rest_route=%2Fwp%2Fv2%2Fmedia&parent=6074"}],"wp:term":[{"taxonomy":"category","embeddable":true,"href":"https:\/\/www.sportingcanal.com\/index.php?rest_route=%2Fwp%2Fv2%2Fcategories&post=6074"},{"taxonomy":"post_tag","embeddable":true,"href":"https:\/\/www.sportingcanal.com\/index.php?rest_route=%2Fwp%2Fv2%2Ftags&post=6074"}],"curies":[{"name":"wp","href":"https:\/\/api.w.org\/{rel}","templated":true}]}}