{"id":6093,"date":"2025-08-13T08:30:05","date_gmt":"2025-08-13T07:30:05","guid":{"rendered":"http:\/\/www.sportingcanal.com\/?p=6093"},"modified":"2025-08-13T13:00:24","modified_gmt":"2025-08-13T12:00:24","slug":"1961-4%c2%aa-vitoria-colectiva-na-volta-a-portugal-em-bicicleta","status":"publish","type":"post","link":"https:\/\/www.sportingcanal.com\/?p=6093","title":{"rendered":"1961 \u2013 4\u00aa vit\u00f3ria coletiva na Volta a Portugal em bicicleta"},"content":{"rendered":"<p>13 de Agosto de 1961. Nesse dia terminou a mais importante prova do calend\u00e1rio velocip\u00e9dico nacional e o Sporting voltou \u00e0s vit\u00f3rias coletivas 20 anos depois, e com alguma surpresa.<\/p>\n<p>O triunfo individual foi para o portista M\u00e1rio Silva, mas a equipa constitu\u00edda por Jo\u00e3o Roque (5\u00ba), Pedro Carvalho (6\u00ba), Pedro Junior (8\u00ba), Arlindo Carvalho (16\u00ba), Manuel Gra\u00e7a (17\u00ba), Agostinho Br\u00e1s (48\u00ba), Fernando Bandarra (49\u00ba), Joaquim Rato (62\u00ba), H\u00e9lio Rato (65\u00ba) e Ant\u00f3nio Pedro Jorge (desistiu na etapa Malveira-Sintra devido a uma indisposi\u00e7\u00e3o) alcan\u00e7ou um brilhante 1\u00ba lugar.\u00a0Os sportinguistas arrebataram duas etapas, por Arlindo Carvalho e Pedro Junior.<\/p>\n<p>Dias depois a dire\u00e7\u00e3o do Sporting homenageou os seus ciclistas e o seu treinador (o grande campe\u00e3o Am\u00e9rico Raposo) por esta bela vit\u00f3ria. Tratava-se duma equipa jovem mas de grande futuro, que constituiram a sensa\u00e7\u00e3o da competi\u00e7\u00e3o e que deram ao ciclismo leonino uma das suas maiores vit\u00f3rias dos \u00faltimos anos.<\/p>\n<p>O 4\u00ba triunfo coletivo dos le\u00f5es na Volta a Portugal foi o pren\u00fancio para grandes vit\u00f3rias que surgiriam alguns anos mais tarde.<\/p>\n<div class=\"tweetthis\" style=\"text-align:left;\"><p> <a target=\"_blank\" rel=\"nofollow\" class=\"tt\" href=\"http:\/\/twitter.com\/home\/?status=1961+%E2%80%93+4%C2%AA+vit%C3%B3ria+coletiva+na+Volta+a+Portugal+em+bicicleta+https%3A%2F%2Fis.gd%2F8GXeyC\" title=\"Post to Twitter\"><img decoding=\"async\" class=\"nothumb\" src=\"http:\/\/www.sportingcanal.com\/wp-content\/plugins\/tweet-this\/icons\/en\/twitter\/tt-twitter6.png\" alt=\"Post to Twitter\" \/><\/a><\/p><\/div>","protected":false},"excerpt":{"rendered":"<p>13 de Agosto de 1961. Nesse dia terminou a mais importante prova do calend\u00e1rio velocip\u00e9dico nacional e o Sporting voltou \u00e0s vit\u00f3rias coletivas 20 anos depois, e com alguma surpresa. O triunfo individual foi para o portista M\u00e1rio Silva, mas a equipa constitu\u00edda por Jo\u00e3o Roque (5\u00ba), Pedro Carvalho (6\u00ba), Pedro Junior (8\u00ba), Arlindo Carvalho [&hellip;]<\/p>\n","protected":false},"author":1,"featured_media":38470,"comment_status":"open","ping_status":"open","sticky":false,"template":"","format":"standard","meta":{"_et_pb_use_builder":"","_et_pb_old_content":"","_et_gb_content_width":"","footnotes":""},"categories":[17],"tags":[29],"_links":{"self":[{"href":"https:\/\/www.sportingcanal.com\/index.php?rest_route=\/wp\/v2\/posts\/6093"}],"collection":[{"href":"https:\/\/www.sportingcanal.com\/index.php?rest_route=\/wp\/v2\/posts"}],"about":[{"href":"https:\/\/www.sportingcanal.com\/index.php?rest_route=\/wp\/v2\/types\/post"}],"author":[{"embeddable":true,"href":"https:\/\/www.sportingcanal.com\/index.php?rest_route=\/wp\/v2\/users\/1"}],"replies":[{"embeddable":true,"href":"https:\/\/www.sportingcanal.com\/index.php?rest_route=%2Fwp%2Fv2%2Fcomments&post=6093"}],"version-history":[{"count":24,"href":"https:\/\/www.sportingcanal.com\/index.php?rest_route=\/wp\/v2\/posts\/6093\/revisions"}],"predecessor-version":[{"id":38471,"href":"https:\/\/www.sportingcanal.com\/index.php?rest_route=\/wp\/v2\/posts\/6093\/revisions\/38471"}],"wp:featuredmedia":[{"embeddable":true,"href":"https:\/\/www.sportingcanal.com\/index.php?rest_route=\/wp\/v2\/media\/38470"}],"wp:attachment":[{"href":"https:\/\/www.sportingcanal.com\/index.php?rest_route=%2Fwp%2Fv2%2Fmedia&parent=6093"}],"wp:term":[{"taxonomy":"category","embeddable":true,"href":"https:\/\/www.sportingcanal.com\/index.php?rest_route=%2Fwp%2Fv2%2Fcategories&post=6093"},{"taxonomy":"post_tag","embeddable":true,"href":"https:\/\/www.sportingcanal.com\/index.php?rest_route=%2Fwp%2Fv2%2Ftags&post=6093"}],"curies":[{"name":"wp","href":"https:\/\/api.w.org\/{rel}","templated":true}]}}