{"id":6110,"date":"2025-08-15T08:00:00","date_gmt":"2025-08-15T07:00:00","guid":{"rendered":"http:\/\/www.sportingcanal.com\/?p=6110"},"modified":"2025-08-16T13:30:07","modified_gmt":"2025-08-16T12:30:07","slug":"lidia-faria","status":"publish","type":"post","link":"https:\/\/www.sportingcanal.com\/?p=6110","title":{"rendered":"L\u00eddia Faria"},"content":{"rendered":"<p>L\u00eddia da Concei\u00e7\u00e3o Faria Pereira Granja nasceu a 15 de Agosto de 1942 em Dois Portos, localidade situada nos arredores de Torres Vedras. Desde muito menina mostrou-se rebelde e sonhadora. Ainda jovem foi viver para Lisboa para casa duma tia. Sonhou ser toureira, aprendeu acorde\u00e3o e adorava correr e saltar. O seu clube era o Benfica, pelo que o seu professor de m\u00fasica nele a inscreveu como L\u00eddio Faria, pois os encarnados n\u00e3o possuiam Atletismo feminino. N\u00e3o a receberam, e experimentou o Sporting, com 17 anos.<\/p>\n<p>Para quem diz que se pode mudar de tudo menos de clube, a bela L\u00eddia constitui uma completa exce\u00e7\u00e3o. O Sporting passou a ser a sua casa e a tomar o lugar devido no seu cora\u00e7\u00e3o. A partir de 1960 come\u00e7ou a ganhar t\u00edtulos, e da\u00ed para a frente foi um &#8220;ver-se-te-avias&#8221;, at\u00e9 1968, ano em que as leoas conquistaram o 10\u00ba t\u00edtulo nacional consecutivo. No total somou 4 t\u00edtulos nacionais de 80 metros barreiras, 1 de 100 metros, 5 de 4X100 metros, 2 de 200 metros, 1 de 400 metros, 8 no lan\u00e7amento do disco, 5 no lan\u00e7amento do peso e duas vit\u00f3rias no Pentatlo Nacional. Para al\u00e9m dos triunfos referidos, bateu diversos recordes nacionais e ib\u00e9ricos.<\/p>\n<p>Nesse tempo, L\u00eddia Faria pouco se importava com os remoques por mostrar as pernas, mas detestava ver mulheres a fumar e, pior que isso, a irem de&#8230; biquini para a praia!<\/p>\n<p>A 10 de Outubro de 1970 o Sporting organizou-lhe uma festa de despedida num evento magn\u00edfico que encheu por completo a bancada central do Est\u00e1dio Alvalade. <a href=\"http:\/\/www.sportingcanal.com\/?p=1442\">Joaquim Agostinho<\/a> veio de prop\u00f3sito de Paris para participar e v\u00e1rias modalidades do clube fizeram desmonstra\u00e7\u00f5es.<\/p>\n<p>O seu carisma e popularidade foram sempre alt\u00edssimos, e para homenagear uma carreira de ouro, receberia o Pr\u00e9mio Stromp para a melhor atleta sportinguista de todos os tempos, um ep\u00edteto t\u00e3o discut\u00edvel quanto ineg\u00e1vel \u00e9 o facto de ser uma das principais figuras da Hist\u00f3ria do clube.<\/p>\n<p>A sua presen\u00e7a nas 100 figuras ilustres convidadas para representarem o clube \u00e0 data do centen\u00e1rio foi, por tudo o referido, absolutamente justa.<\/p>\n<p>Morreu aos 65 anos, a 29 de Setembro de 2007, v\u00edtima de doen\u00e7a prolongada&#8230;<\/p>\n<div class=\"tweetthis\" style=\"text-align:left;\"><p> <a target=\"_blank\" rel=\"nofollow\" class=\"tt\" href=\"http:\/\/twitter.com\/home\/?status=L%C3%ADdia+Faria+https%3A%2F%2Fis.gd%2FFzKi26\" title=\"Post to Twitter\"><img decoding=\"async\" class=\"nothumb\" src=\"http:\/\/www.sportingcanal.com\/wp-content\/plugins\/tweet-this\/icons\/en\/twitter\/tt-twitter6.png\" alt=\"Post to Twitter\" \/><\/a><\/p><\/div>","protected":false},"excerpt":{"rendered":"<p>L\u00eddia da Concei\u00e7\u00e3o Faria Pereira Granja nasceu a 15 de Agosto de 1942 em Dois Portos, localidade situada nos arredores de Torres Vedras. Desde muito menina mostrou-se rebelde e sonhadora. Ainda jovem foi viver para Lisboa para casa duma tia. Sonhou ser toureira, aprendeu acorde\u00e3o e adorava correr e saltar. O seu clube era o [&hellip;]<\/p>\n","protected":false},"author":1,"featured_media":38487,"comment_status":"open","ping_status":"open","sticky":false,"template":"","format":"standard","meta":{"_et_pb_use_builder":"","_et_pb_old_content":"","_et_gb_content_width":"","footnotes":""},"categories":[13],"tags":[21],"_links":{"self":[{"href":"https:\/\/www.sportingcanal.com\/index.php?rest_route=\/wp\/v2\/posts\/6110"}],"collection":[{"href":"https:\/\/www.sportingcanal.com\/index.php?rest_route=\/wp\/v2\/posts"}],"about":[{"href":"https:\/\/www.sportingcanal.com\/index.php?rest_route=\/wp\/v2\/types\/post"}],"author":[{"embeddable":true,"href":"https:\/\/www.sportingcanal.com\/index.php?rest_route=\/wp\/v2\/users\/1"}],"replies":[{"embeddable":true,"href":"https:\/\/www.sportingcanal.com\/index.php?rest_route=%2Fwp%2Fv2%2Fcomments&post=6110"}],"version-history":[{"count":22,"href":"https:\/\/www.sportingcanal.com\/index.php?rest_route=\/wp\/v2\/posts\/6110\/revisions"}],"predecessor-version":[{"id":38488,"href":"https:\/\/www.sportingcanal.com\/index.php?rest_route=\/wp\/v2\/posts\/6110\/revisions\/38488"}],"wp:featuredmedia":[{"embeddable":true,"href":"https:\/\/www.sportingcanal.com\/index.php?rest_route=\/wp\/v2\/media\/38487"}],"wp:attachment":[{"href":"https:\/\/www.sportingcanal.com\/index.php?rest_route=%2Fwp%2Fv2%2Fmedia&parent=6110"}],"wp:term":[{"taxonomy":"category","embeddable":true,"href":"https:\/\/www.sportingcanal.com\/index.php?rest_route=%2Fwp%2Fv2%2Fcategories&post=6110"},{"taxonomy":"post_tag","embeddable":true,"href":"https:\/\/www.sportingcanal.com\/index.php?rest_route=%2Fwp%2Fv2%2Ftags&post=6110"}],"curies":[{"name":"wp","href":"https:\/\/api.w.org\/{rel}","templated":true}]}}