{"id":6113,"date":"2025-08-15T08:30:24","date_gmt":"2025-08-15T07:30:24","guid":{"rendered":"http:\/\/www.sportingcanal.com\/?p=6113"},"modified":"2025-08-16T13:30:11","modified_gmt":"2025-08-16T12:30:11","slug":"leonel-miranda","status":"publish","type":"post","link":"https:\/\/www.sportingcanal.com\/?p=6113","title":{"rendered":"Leonel Miranda"},"content":{"rendered":"<p>Nasceu a 15 de Agosto de 1944 em Carregueira, Torres Vedras. Experimentou o Ciclismo mais a s\u00e9rio numa prova popular, em 1962, e logo ganhou a competi\u00e7\u00e3o! Ingressou ent\u00e3o no Lousa, clube pelo qual venceu v\u00e1rias competi\u00e7\u00f5es de \u00e2mbito popular.<\/p>\n<p>Depois chegou ao Sporting, onde esteve de 1964 a 1975.\u00a0Em Setembro de 1965 fez parte da equipa Campe\u00e3 Nacional de Persegui\u00e7\u00e3o. A 9 de Outubro de 1966 classificou-se no 8\u00ba lugar na Volta ao Estado de S. Paulo e poucas semanas depois sagrou-se Campe\u00e3o Nacional de Rampa.<\/p>\n<p>Em Julho de 1967 foi o melhor no Grande Pr\u00e9mio do FC Porto. Na Volta a Portugal ficou em 5\u00ba e foi \u201cRei da Montanha\u201d, ajudando \u00e0 vit\u00f3ria coletiva.<\/p>\n<p>No ano seguinte (1968) voltou a triunfar no Grande Pr\u00e9mio do FC Porto. Dias mais tarde venceu o Grande Pr\u00e9mio da Associa\u00e7\u00e3o de Ciclismo do Sul. Na Volta a Portugal ficou em 3\u00ba mas foi o \u201ccampe\u00e3o do dinheiro\u201d (venceu por Pontos), levando para casa 42.500$! Em Setembro triunfou no 8\u00ba Circuito do Cartaxo e em Novembro sagrou-se mais uma vez Campe\u00e3o Nacional de Rampa &#8211; numa luta memor\u00e1vel com <a href=\"http:\/\/www.sportingcanal.com\/?p=1442\">Joaquim Agostinho<\/a> a quem derrotou por 1 segundo! Na Volta ao Estado de S. Paulo foi 7\u00ba e os le\u00f5es triunfaram coletivamente.<\/p>\n<p>A 30 de Mar\u00e7o de 1969 (com Agostinho e Emiliano Dion\u00edsio), ajudou o Sporting a sagrar-se Campe\u00e3o Nacional de Clubes em contra-rel\u00f3gio. Em Junho venceu o 1\u00ba Grande Pr\u00e9mio Famel Zundapp. Na Volta a Portugal voltou a vencer a Classifica\u00e7\u00e3o por Pontos.<\/p>\n<p>A 5 de Abril de 1970 o Sporting voltou a ser Campe\u00e3o por Equipas com o seu contributo (mais Jo\u00e3o Roque e Emiliano Dion\u00edsio). Na Volta a Portugal ficou em 5\u00ba, ganhando a Classifica\u00e7\u00e3o por Pontos e as Metas Volantes.<\/p>\n<p>Em Novembro de 1971 foi Campe\u00e3o Nacional de Pista (velocidade), em 1972 foi 4\u00ba na Volta a Portugal e triunfou no Circuito da Malveira. Na Volta a Portugal de 1973 ficou no 13\u00ba lugar, ajudando ao triunfo coletivo. Em Junho de 1974 venceu a cl\u00e1ssica \u201cPorto-Lisboa\u201d derrotando ao sprint o benfiquista Fernando Mendes.<\/p>\n<p>Participou num total de 10 Voltas a Portugal pelos le\u00f5es nas quais triunfou em 28 etapas. Confessou mais tarde que guardava m\u00e1goa por nunca ter ganho a competi\u00e7\u00e3o, mas, de facto, a sua principal carater\u00edstica era a de ser um ciclista de equipa, e muitos (sobretudo Joaquim Agostinho) brilharam com a sua ajuda.<\/p>\n<p>Conquistou outras honras: Trof\u00e9u Alfredo Baptista, Grande Pr\u00e9mio ACS Hora Americana Internacional, foi 17\u00ba na Volta \u00e0 Sui\u00e7a, 27\u00ba na Volta a Espanha, 14\u00ba na Volta a Palma de Maiorca. Esteve tamb\u00e9m em 5 Campeonatos do Mundo.<\/p>\n<p>Ganhou o Pr\u00e9mio Stromp em 1967 (na categoria Atleta Profissional)<\/p>\n<p>Foi selecionador nacional de Ciclismo em 1997 e 1998. Como treinador ganhou 3 Voltas a Portugal: 1980 (Francisco Miranda), 1987 (Manuel Cunha) e 1989 (Joaquim Gomes).<\/p>\n<div class=\"tweetthis\" style=\"text-align:left;\"><p> <a target=\"_blank\" rel=\"nofollow\" class=\"tt\" href=\"http:\/\/twitter.com\/home\/?status=Leonel+Miranda+https%3A%2F%2Fis.gd%2FbfCh79\" title=\"Post to Twitter\"><img decoding=\"async\" class=\"nothumb\" src=\"http:\/\/www.sportingcanal.com\/wp-content\/plugins\/tweet-this\/icons\/en\/twitter\/tt-twitter6.png\" alt=\"Post to Twitter\" \/><\/a><\/p><\/div>","protected":false},"excerpt":{"rendered":"<p>Nasceu a 15 de Agosto de 1944 em Carregueira, Torres Vedras. Experimentou o Ciclismo mais a s\u00e9rio numa prova popular, em 1962, e logo ganhou a competi\u00e7\u00e3o! Ingressou ent\u00e3o no Lousa, clube pelo qual venceu v\u00e1rias competi\u00e7\u00f5es de \u00e2mbito popular. Depois chegou ao Sporting, onde esteve de 1964 a 1975.\u00a0Em Setembro de 1965 fez parte [&hellip;]<\/p>\n","protected":false},"author":1,"featured_media":38483,"comment_status":"open","ping_status":"open","sticky":false,"template":"","format":"standard","meta":{"_et_pb_use_builder":"","_et_pb_old_content":"","_et_gb_content_width":"","footnotes":""},"categories":[13],"tags":[29],"_links":{"self":[{"href":"https:\/\/www.sportingcanal.com\/index.php?rest_route=\/wp\/v2\/posts\/6113"}],"collection":[{"href":"https:\/\/www.sportingcanal.com\/index.php?rest_route=\/wp\/v2\/posts"}],"about":[{"href":"https:\/\/www.sportingcanal.com\/index.php?rest_route=\/wp\/v2\/types\/post"}],"author":[{"embeddable":true,"href":"https:\/\/www.sportingcanal.com\/index.php?rest_route=\/wp\/v2\/users\/1"}],"replies":[{"embeddable":true,"href":"https:\/\/www.sportingcanal.com\/index.php?rest_route=%2Fwp%2Fv2%2Fcomments&post=6113"}],"version-history":[{"count":21,"href":"https:\/\/www.sportingcanal.com\/index.php?rest_route=\/wp\/v2\/posts\/6113\/revisions"}],"predecessor-version":[{"id":38484,"href":"https:\/\/www.sportingcanal.com\/index.php?rest_route=\/wp\/v2\/posts\/6113\/revisions\/38484"}],"wp:featuredmedia":[{"embeddable":true,"href":"https:\/\/www.sportingcanal.com\/index.php?rest_route=\/wp\/v2\/media\/38483"}],"wp:attachment":[{"href":"https:\/\/www.sportingcanal.com\/index.php?rest_route=%2Fwp%2Fv2%2Fmedia&parent=6113"}],"wp:term":[{"taxonomy":"category","embeddable":true,"href":"https:\/\/www.sportingcanal.com\/index.php?rest_route=%2Fwp%2Fv2%2Fcategories&post=6113"},{"taxonomy":"post_tag","embeddable":true,"href":"https:\/\/www.sportingcanal.com\/index.php?rest_route=%2Fwp%2Fv2%2Ftags&post=6113"}],"curies":[{"name":"wp","href":"https:\/\/api.w.org\/{rel}","templated":true}]}}