{"id":6140,"date":"2025-08-16T10:00:46","date_gmt":"2025-08-16T09:00:46","guid":{"rendered":"http:\/\/www.sportingcanal.com\/?p=6140"},"modified":"2025-08-16T13:30:54","modified_gmt":"2025-08-16T12:30:54","slug":"2008-7%c2%aa-vitoria-na-supertaca-de-futebol-com-bis-de-yannick-djalo","status":"publish","type":"post","link":"https:\/\/www.sportingcanal.com\/?p=6140","title":{"rendered":"2008 \u2013 7\u00aa vit\u00f3ria na Superta\u00e7a de Futebol, com bis de Yannick Djal\u00f3"},"content":{"rendered":"<p>16 de Agosto de 2008. Nesse dia disputou-se, no Est\u00e1dio do Algarve, a Superta\u00e7a entre Sporting e FC Porto. A equipa leonina realizou menos mexidas no seu plantel em rela\u00e7\u00e3o \u00e0 temporada anterior e esse facto notou-se no confronto com os drag\u00f5es. O Sporting mostrou-se mais mecanizado e com um fio de jogo mais evidente, acabando por vencer com naturalidade apesar da aus\u00eancia da sua principal figura &#8211; Liedson, devido a uma les\u00e3o que j\u00e1 vinha da temporada anterior.<\/p>\n<p>Sob o comando de Paulo Bento, o Sporting alinhou com: Rui Patr\u00edcio; Abel, Tonel, Anderson Polga e Caneira; Rochemback; Jo\u00e3o Moutinho, Romagnoli (Miguel Veloso) e Izmailov; Derlei (H\u00e9lder Postiga &#8211; que se estreou oficialmente de verde e branco) e Yannick Djal\u00f3 (Pereirinha).<\/p>\n<p>O jogo come\u00e7ou com alguma preval\u00eancia leonina, e 2 livres de Rochemback chegaram a assustar os pupilos de Jesualdo Ferreira. Aos 33 minutos o FC Porto teve uma grande oportunidade de golo com um belo remate de Lucho Gonz\u00e1lez ao poste. \u201cEm cima\u201d do intervalo, ap\u00f3s cruzamento de Romagnoli, a bola tabelou em Benitez e sobrou para Yannick Djal\u00f3 que com um remate seco inaugurou o marcador.<\/p>\n<p>Esta foi a melhor forma para os le\u00f5es recolherem aos balne\u00e1rios, e na entrada para o 2\u00ba tempo Derlei e Yannick estiveram perto de aumentar a contagem. Aos 54 minutos Rui Patr\u00edcio foi mais uma vez primordial ao deter um bom remate de Lisandro, para 3 minutos depois Yannick fazer o 2-0 ap\u00f3s raide de Izmailov e m\u00e1 interven\u00e7\u00e3o de Sapunaru. Mais uma vez Yannick foi letal!<\/p>\n<p>Aos 71 minutos, ap\u00f3s \u201cbra\u00e7o\u201d de Caneira na \u00e1rea, Carlos Xistra marcou penalty mas Rui Patr\u00edcio deteve com brilhantismo o tiro de Lucho Gonz\u00e1lez num dos momentos decisivos do jogo. A 4 minutos do fim Yannick esteve perto do hat-trick ao rematar \u00e0 trave de Helton&#8230;<\/p>\n<p>Por todas as raz\u00f5es, Yannick Djal\u00f3 foi a grande figura de mais uma conquista pelos le\u00f5es da Superta\u00e7a. No final afirmou: \u201c\u00c9 sempre bom marcar em finais, \u00e9 importante para mim e para o clube. O advers\u00e1rio tem uma excelente equipa mas merecemos a vit\u00f3ria. Espero afirmar-me este ano, tenho tido imensa ajuda dos colegas para que isso aconte\u00e7a. Agora vamos focalizar a nossa aten\u00e7\u00e3o no Campeonato, esperamos muito apoio em Alvalade\u201d.<\/p>\n<p>O brasileiro F\u00e1bio Rochemback foi le\u00e3o entre 2003\/04 e 2005\/06. Ap\u00f3s 2 anos em Middlesbrough voltou e finalmente conseguiu um t\u00edtulo: \u201cA\u00ed est\u00e1 o meu 1\u00ba t\u00edtulo conquistado! Foi um bom triunfo e \u00e9 um come\u00e7o positivo para o grupo. \u00c9 um regresso em grande porque vencer \u00e9 sempre importante\u201d.<\/p>\n<p>O treinador Paulo Bento considerou a vit\u00f3ria justa: \u201cFoi um jogo de grande qualidade e intensidade. Entr\u00e1mos bem, o FC Porto equilibrou, mas conseguimos um golo num momento muito importante \u2013 mesmo antes do intervalo. Na 2\u00aa parte o FC Porto reagiu e talvez a vantagem m\u00ednima fosse mais certa. A equipa tem talento e qualidade, h\u00e1 que dot\u00e1-la de cada vez mais organiza\u00e7\u00e3o e isso s\u00f3 se faz com trabalho. O clube nunca tinha ganho duas Superta\u00e7as seguidas, \u00e9 bom que os jogadores voltem a figurar na Hist\u00f3ria do Sporting\u201d.<\/p>\n<p><a href=\"http:\/\/www.youtube.com\/watch?v=UFe-YgT4xO8\">video<\/a><\/p>\n<div class=\"tweetthis\" style=\"text-align:left;\"><p> <a target=\"_blank\" rel=\"nofollow\" class=\"tt\" href=\"http:\/\/twitter.com\/home\/?status=2008+%E2%80%93+7%C2%AA+vit%C3%B3ria+na+Superta%C3%A7a+de+Futebol%2C+com+bis+de+Yannick+Djal%C3%B3+https%3A%2F%2Fis.gd%2F0ypQui\" title=\"Post to Twitter\"><img decoding=\"async\" class=\"nothumb\" src=\"http:\/\/www.sportingcanal.com\/wp-content\/plugins\/tweet-this\/icons\/en\/twitter\/tt-twitter6.png\" alt=\"Post to Twitter\" \/><\/a><\/p><\/div>","protected":false},"excerpt":{"rendered":"<p>16 de Agosto de 2008. Nesse dia disputou-se, no Est\u00e1dio do Algarve, a Superta\u00e7a entre Sporting e FC Porto. A equipa leonina realizou menos mexidas no seu plantel em rela\u00e7\u00e3o \u00e0 temporada anterior e esse facto notou-se no confronto com os drag\u00f5es. O Sporting mostrou-se mais mecanizado e com um fio de jogo mais evidente, [&hellip;]<\/p>\n","protected":false},"author":1,"featured_media":38501,"comment_status":"open","ping_status":"open","sticky":false,"template":"","format":"standard","meta":{"_et_pb_use_builder":"","_et_pb_old_content":"","_et_gb_content_width":"","footnotes":""},"categories":[17],"tags":[8,18,68],"_links":{"self":[{"href":"https:\/\/www.sportingcanal.com\/index.php?rest_route=\/wp\/v2\/posts\/6140"}],"collection":[{"href":"https:\/\/www.sportingcanal.com\/index.php?rest_route=\/wp\/v2\/posts"}],"about":[{"href":"https:\/\/www.sportingcanal.com\/index.php?rest_route=\/wp\/v2\/types\/post"}],"author":[{"embeddable":true,"href":"https:\/\/www.sportingcanal.com\/index.php?rest_route=\/wp\/v2\/users\/1"}],"replies":[{"embeddable":true,"href":"https:\/\/www.sportingcanal.com\/index.php?rest_route=%2Fwp%2Fv2%2Fcomments&post=6140"}],"version-history":[{"count":22,"href":"https:\/\/www.sportingcanal.com\/index.php?rest_route=\/wp\/v2\/posts\/6140\/revisions"}],"predecessor-version":[{"id":38502,"href":"https:\/\/www.sportingcanal.com\/index.php?rest_route=\/wp\/v2\/posts\/6140\/revisions\/38502"}],"wp:featuredmedia":[{"embeddable":true,"href":"https:\/\/www.sportingcanal.com\/index.php?rest_route=\/wp\/v2\/media\/38501"}],"wp:attachment":[{"href":"https:\/\/www.sportingcanal.com\/index.php?rest_route=%2Fwp%2Fv2%2Fmedia&parent=6140"}],"wp:term":[{"taxonomy":"category","embeddable":true,"href":"https:\/\/www.sportingcanal.com\/index.php?rest_route=%2Fwp%2Fv2%2Fcategories&post=6140"},{"taxonomy":"post_tag","embeddable":true,"href":"https:\/\/www.sportingcanal.com\/index.php?rest_route=%2Fwp%2Fv2%2Ftags&post=6140"}],"curies":[{"name":"wp","href":"https:\/\/api.w.org\/{rel}","templated":true}]}}