{"id":6145,"date":"2025-08-17T10:35:17","date_gmt":"2025-08-17T09:35:17","guid":{"rendered":"http:\/\/www.sportingcanal.com\/?p=6145"},"modified":"2025-08-17T20:14:20","modified_gmt":"2025-08-17T19:14:20","slug":"vitoria-colectiva-e-individual-na-taca-portugal-em-ciclismo","status":"publish","type":"post","link":"https:\/\/www.sportingcanal.com\/?p=6145","title":{"rendered":"1913 &#8211; Vit\u00f3ria coletiva e individual na Ta\u00e7a Portugal em Ciclismo"},"content":{"rendered":"<p><a href=\"http:\/\/www.sportingcanal.com\/wp-content\/uploads\/2011\/08\/ciclismo-1912-13-joaquim-dinis-mais-e-jo\u00e3o-da-silva.png\"><img loading=\"lazy\" decoding=\"async\" class=\"alignleft size-full wp-image-6146\" title=\"ciclismo - 1912-13 - joaquim dinis mais e jo\u00e3o da silva\" src=\"http:\/\/www.sportingcanal.com\/wp-content\/uploads\/2011\/08\/ciclismo-1912-13-joaquim-dinis-mais-e-jo\u00e3o-da-silva.png\" alt=\"\" width=\"300\" height=\"300\" srcset=\"https:\/\/www.sportingcanal.com\/wp-content\/uploads\/2011\/08\/ciclismo-1912-13-joaquim-dinis-mais-e-jo\u00e3o-da-silva.png 300w, https:\/\/www.sportingcanal.com\/wp-content\/uploads\/2011\/08\/ciclismo-1912-13-joaquim-dinis-mais-e-jo\u00e3o-da-silva-150x150.png 150w\" sizes=\"(max-width: 300px) 100vw, 300px\" \/><\/a>17 de Agosto de 1913. Nesse dia realizou-se a prova mais importante do calend\u00e1rio velocip\u00e9dico portugu\u00eas na altura &#8211; a Ta\u00e7a Portugal em Ciclismo, que j\u00e1 ia na sua 3\u00aa edi\u00e7\u00e3o. A prova tinha a extens\u00e3o de 100km e era organizada pela Uni\u00e3o Velocip\u00e9dica Portuguesa.<\/p>\n<p>A equipa do Sporting esteve presente e obteve uma brilhante vit\u00f3ria coletiva (a que juntou o t\u00edtulo individual). Para al\u00e9m dos le\u00f5es, estiveram representadas as melhores equipas portuguesas da modalidade &#8211; Benfica, Nacional Sport Clube e Sport Clube Progresso.<\/p>\n<p>Segundo o jornal \u201cO S\u00e9culo\u201d: \u201cSob um calor abrasador, o pelot\u00e3o fracionou-se logo no 1\u00ba quil\u00f3metro. Ao 55\u00ba, depois de algumas escaramu\u00e7as, incidentes e desist\u00eancias, come\u00e7ou a notar-se a boa forma de Ant\u00f3nio Cristiano, que adiantando-se com enorme vantagem alcan\u00e7ava Jo\u00e3o da Silva, o qual em vigorosas pedaladas tentou fugir-lhe mas n\u00e3o o conseguiu devido \u00e0 quebra de corrente da sua m\u00e1quina, no conserto da qual perdeu meia-hora. Ant\u00f3nio Cristiano aproveitou para desaparecer deixando atr\u00e1s de si todos os competidores, (entre os quais Carlos Fernandes, que desistiu), e em passo firme fez o resto do percurso sozinho, acabando com o tempo de 3h53m. Jo\u00e3o da Silva, tamb\u00e9m do Sporting, ficou em 2\u00ba com 4h12m. Os le\u00f5es venceram por equipas \u00e0 frente do Benfica\u201d.<\/p>\n<p>No final, o vencedor declarou: \u201cTinha a impress\u00e3o antecipada da vit\u00f3ria dado a excessiva superioridade do Sporting. Com a avaria do Jo\u00e3o da Silva e os problemas do Carlos Fernandes as coisas complicaram-se, mas com o consider\u00e1vel esfor\u00e7o do Jo\u00e3o, que passou de pen\u00faltimo a 2\u00ba, foi poss\u00edvel a equipa ganhar\u201d.<\/p>\n<p>Ant\u00f3nio Cristiano chegou \u00e0 meta fresco e na melhor disposi\u00e7\u00e3o, dizendo que, se necess\u00e1rio fosse, teria feito o percurso em menos 10 minutos! No final coube aos vencedores medalhas em \u201cvermeil\u201d e objectos de arte.<\/p>\n<p>Outra prova importante desta temporada foi a disputada em Set\u00fabal, no m\u00eas de Mar\u00e7o, na dist\u00e2ncia de 60km. O le\u00e3o Jo\u00e3o da Silva triunfou de forma quase desesperada ap\u00f3s uma luta tit\u00e2nica com Jos\u00e9 Cola\u00e7o (do Progresso) tendo terminado os 2 ciclistas perfeitamente \u201ccolados\u201d.<\/p>\n<p>De real\u00e7ar ainda, neste ano de 1913, o t\u00edtulo de Ant\u00f3nio Soares Junior nos 1.000 metros dos Jogos Ol\u00edmpicos Nacionais que fez dele Campe\u00e3o de Portugal de velocidade.<\/p>\n<p>E era destas vit\u00f3rias que se come\u00e7ava a construir a m\u00edstica leonina, tamb\u00e9m no Ciclismo!<\/p>\n<p>Na foto: Joaquim Dinis Maia e Jo\u00e3o da Silva, 2 dos ciclistas sportinguistas nesta temporada gloriosa.<\/p>\n<div class=\"tweetthis\" style=\"text-align:left;\"><p> <a target=\"_blank\" rel=\"nofollow\" class=\"tt\" href=\"http:\/\/twitter.com\/home\/?status=1913+%E2%80%93+Vit%C3%B3ria+coletiva+e+individual+na+Ta%C3%A7a+Portugal+em+Ciclismo+https%3A%2F%2Fis.gd%2FPkSnAO\" title=\"Post to Twitter\"><img decoding=\"async\" class=\"nothumb\" src=\"http:\/\/www.sportingcanal.com\/wp-content\/plugins\/tweet-this\/icons\/en\/twitter\/tt-twitter6.png\" alt=\"Post to Twitter\" \/><\/a><\/p><\/div>","protected":false},"excerpt":{"rendered":"<p>17 de Agosto de 1913. Nesse dia realizou-se a prova mais importante do calend\u00e1rio velocip\u00e9dico portugu\u00eas na altura &#8211; a Ta\u00e7a Portugal em Ciclismo, que j\u00e1 ia na sua 3\u00aa edi\u00e7\u00e3o. A prova tinha a extens\u00e3o de 100km e era organizada pela Uni\u00e3o Velocip\u00e9dica Portuguesa. A equipa do Sporting esteve presente e obteve uma brilhante [&hellip;]<\/p>\n","protected":false},"author":1,"featured_media":38503,"comment_status":"open","ping_status":"open","sticky":false,"template":"","format":"standard","meta":{"_et_pb_use_builder":"","_et_pb_old_content":"","_et_gb_content_width":"","footnotes":""},"categories":[4],"tags":[29],"_links":{"self":[{"href":"https:\/\/www.sportingcanal.com\/index.php?rest_route=\/wp\/v2\/posts\/6145"}],"collection":[{"href":"https:\/\/www.sportingcanal.com\/index.php?rest_route=\/wp\/v2\/posts"}],"about":[{"href":"https:\/\/www.sportingcanal.com\/index.php?rest_route=\/wp\/v2\/types\/post"}],"author":[{"embeddable":true,"href":"https:\/\/www.sportingcanal.com\/index.php?rest_route=\/wp\/v2\/users\/1"}],"replies":[{"embeddable":true,"href":"https:\/\/www.sportingcanal.com\/index.php?rest_route=%2Fwp%2Fv2%2Fcomments&post=6145"}],"version-history":[{"count":23,"href":"https:\/\/www.sportingcanal.com\/index.php?rest_route=\/wp\/v2\/posts\/6145\/revisions"}],"predecessor-version":[{"id":38504,"href":"https:\/\/www.sportingcanal.com\/index.php?rest_route=\/wp\/v2\/posts\/6145\/revisions\/38504"}],"wp:featuredmedia":[{"embeddable":true,"href":"https:\/\/www.sportingcanal.com\/index.php?rest_route=\/wp\/v2\/media\/38503"}],"wp:attachment":[{"href":"https:\/\/www.sportingcanal.com\/index.php?rest_route=%2Fwp%2Fv2%2Fmedia&parent=6145"}],"wp:term":[{"taxonomy":"category","embeddable":true,"href":"https:\/\/www.sportingcanal.com\/index.php?rest_route=%2Fwp%2Fv2%2Fcategories&post=6145"},{"taxonomy":"post_tag","embeddable":true,"href":"https:\/\/www.sportingcanal.com\/index.php?rest_route=%2Fwp%2Fv2%2Ftags&post=6145"}],"curies":[{"name":"wp","href":"https:\/\/api.w.org\/{rel}","templated":true}]}}