{"id":6246,"date":"2025-08-20T08:30:47","date_gmt":"2025-08-20T07:30:47","guid":{"rendered":"http:\/\/www.sportingcanal.com\/?p=6246"},"modified":"2025-08-20T22:36:24","modified_gmt":"2025-08-20T21:36:24","slug":"a-contratacao-de-jordao","status":"publish","type":"post","link":"https:\/\/www.sportingcanal.com\/?p=6246","title":{"rendered":"1977 &#8211; A contrata\u00e7\u00e3o de Jord\u00e3o"},"content":{"rendered":"<p>Agosto de 1977. Cerca de 2 meses antes come\u00e7ou a falar-se no regresso de Jord\u00e3o a Portugal. O futebolista, que havia brilhado ao servi\u00e7o do Benfica, f\u00f4ra transferido para o Sarago\u00e7a de Espanha onde n\u00e3o se conseguiu adaptar, tendo at\u00e9 sido v\u00edtima de alguma \u201cinveja\u201d de outras colegas de equipa (veio a \u201clume\u201d a m\u00e1 rece\u00e7\u00e3o que teve do argentino Arrua).<\/p>\n<p>Tudo apontava ent\u00e3o para o regresso do avan\u00e7ado a Portugal, e logo Benfica e Sporting foram apontados como prov\u00e1veis destinos do angolano. \u201cPor fora\u201d corria o FC Porto, que nunca chegou a expressar o seu interesse pelo jogador, mas que reagiu com azedume \u00e0 sua transfer\u00eancia para Alvalade (ali\u00e1s Pinto da Costa voltaria a tentar contrat\u00e1-lo meia d\u00fazia de anos depois, de novo sem sucesso).<\/p>\n<p>Ferreira Queimado era o novo presidente encarnado e n\u00e3o se \u201cp\u00f4s de fora\u201d em rela\u00e7\u00e3o ao interesse por Jord\u00e3o. O l\u00edder encarnado referiu ent\u00e3o que n\u00e3o fomentaria qualquer \u201cguerra\u201d com o Sporting, mas que tamb\u00e9m n\u00e3o fugiria a ela se o provocassem. Estranhas, ou talvez n\u00e3o (depois do seu passado benfiquista), foram as primeiras declara\u00e7\u00f5es de Jord\u00e3o, afirmando que preferia o Sporting.<\/p>\n<p>J\u00e1 em fins de Agosto, numa das suas mais prof\u00edcuas jogadas estrat\u00e9gicas em termos dirigentes, Jo\u00e3o Rocha \u201cabriu os cord\u00f5es \u00e0 bolsa\u201d e conseguiu trazer o magn\u00edfico jogador para Alvalade (levando a melhor sobre os grandes rivais encarnados). Sousa Marques, vice-presidente leonino, referiria na ocasi\u00e3o que \u201cpescar um espadarte n\u00e3o seria mais dif\u00edcil\u201d, dando a entender o qu\u00e3o dif\u00edceis foram as negocia\u00e7\u00f5es com os espanh\u00f3is.<\/p>\n<p>Rui Jord\u00e3o tornar-se-ia nos anos seguintes um dos maiores \u00eddolos da falange de apoio leonina, entrando da Hist\u00f3ria do clube como um dos seus mais categorizados futebolistas.<\/p>\n<div class=\"tweetthis\" style=\"text-align:left;\"><p> <a target=\"_blank\" rel=\"nofollow\" class=\"tt\" href=\"http:\/\/twitter.com\/home\/?status=1977+%E2%80%93+A+contrata%C3%A7%C3%A3o+de+Jord%C3%A3o+https%3A%2F%2Fis.gd%2FMimIJv\" title=\"Post to Twitter\"><img decoding=\"async\" class=\"nothumb\" src=\"http:\/\/www.sportingcanal.com\/wp-content\/plugins\/tweet-this\/icons\/en\/twitter\/tt-twitter6.png\" alt=\"Post to Twitter\" \/><\/a><\/p><\/div>","protected":false},"excerpt":{"rendered":"<p>Agosto de 1977. Cerca de 2 meses antes come\u00e7ou a falar-se no regresso de Jord\u00e3o a Portugal. O futebolista, que havia brilhado ao servi\u00e7o do Benfica, f\u00f4ra transferido para o Sarago\u00e7a de Espanha onde n\u00e3o se conseguiu adaptar, tendo at\u00e9 sido v\u00edtima de alguma \u201cinveja\u201d de outras colegas de equipa (veio a \u201clume\u201d a m\u00e1 [&hellip;]<\/p>\n","protected":false},"author":1,"featured_media":38530,"comment_status":"open","ping_status":"open","sticky":false,"template":"","format":"standard","meta":{"_et_pb_use_builder":"","_et_pb_old_content":"","_et_gb_content_width":"","footnotes":""},"categories":[4],"tags":[8],"_links":{"self":[{"href":"https:\/\/www.sportingcanal.com\/index.php?rest_route=\/wp\/v2\/posts\/6246"}],"collection":[{"href":"https:\/\/www.sportingcanal.com\/index.php?rest_route=\/wp\/v2\/posts"}],"about":[{"href":"https:\/\/www.sportingcanal.com\/index.php?rest_route=\/wp\/v2\/types\/post"}],"author":[{"embeddable":true,"href":"https:\/\/www.sportingcanal.com\/index.php?rest_route=\/wp\/v2\/users\/1"}],"replies":[{"embeddable":true,"href":"https:\/\/www.sportingcanal.com\/index.php?rest_route=%2Fwp%2Fv2%2Fcomments&post=6246"}],"version-history":[{"count":21,"href":"https:\/\/www.sportingcanal.com\/index.php?rest_route=\/wp\/v2\/posts\/6246\/revisions"}],"predecessor-version":[{"id":38531,"href":"https:\/\/www.sportingcanal.com\/index.php?rest_route=\/wp\/v2\/posts\/6246\/revisions\/38531"}],"wp:featuredmedia":[{"embeddable":true,"href":"https:\/\/www.sportingcanal.com\/index.php?rest_route=\/wp\/v2\/media\/38530"}],"wp:attachment":[{"href":"https:\/\/www.sportingcanal.com\/index.php?rest_route=%2Fwp%2Fv2%2Fmedia&parent=6246"}],"wp:term":[{"taxonomy":"category","embeddable":true,"href":"https:\/\/www.sportingcanal.com\/index.php?rest_route=%2Fwp%2Fv2%2Fcategories&post=6246"},{"taxonomy":"post_tag","embeddable":true,"href":"https:\/\/www.sportingcanal.com\/index.php?rest_route=%2Fwp%2Fv2%2Ftags&post=6246"}],"curies":[{"name":"wp","href":"https:\/\/api.w.org\/{rel}","templated":true}]}}