{"id":6249,"date":"2025-10-03T08:00:10","date_gmt":"2025-10-03T07:00:10","guid":{"rendered":"http:\/\/www.sportingcanal.com\/?p=6249"},"modified":"2025-10-04T20:23:29","modified_gmt":"2025-10-04T19:23:29","slug":"torres-pereira","status":"publish","type":"post","link":"https:\/\/www.sportingcanal.com\/?p=6249","title":{"rendered":"Torres Pereira"},"content":{"rendered":"<p>Alfredo Torres Pereira nasceu a 3 de Outubro de 1896 em Lisboa. Come\u00e7ou a jogar futebol bem cedo, ingressando no Sporting em 1914 para as categorias inferiores.\u00a0Estreou-se na categoria principal na temporada 1917\/18 e logo na sua posi\u00e7\u00e3o de sempre &#8211; extremo-direito. Desde essa altura, e durante longos anos, foi o \u201cdono do lugar\u201d, assumindo-se como digno sucessor de Ant\u00f3nio Stromp nessa posi\u00e7\u00e3o espec\u00edfica no terreno.<\/p>\n<p>Em 1918\/19 conquistou o seu 1\u00ba grande t\u00edtulo de verde e branco &#8211; o Regional de Lisboa. 3 anos depois voltou a sentir o doce sabor do triunfo nessa mesma competi\u00e7\u00e3o, chegando ainda \u00e0 final do 1\u00ba Campeonato de Portugal onde (apesar de 1 golo seu), o Sporting acabou perdendo com o FC Porto ap\u00f3s 3 jogos intensos.<\/p>\n<p>1922\/23 (sob o comando de Augusto Sabbo) foi o seu melhor ano de sempre. Sagrou-se Campe\u00e3o Regional (pela 3\u00aa vez) e estreou-se como Campe\u00e3o de Portugal (em cujos jogos &#8211; frente a Porto e Acad\u00e9mica, foi um dos protagonistas). Para al\u00e9m disso contabilizou a sua \u00fanica presen\u00e7a na Sele\u00e7\u00e3o Nacional &#8211; no 2\u00ba Portugal-Espanha, realizado no Lumiar a 17 Dezembro de 1922 (1-2).<\/p>\n<p>Em 1924\/25 foi Campe\u00e3o Regional pela 4\u00aa vez e no ano seguinte j\u00e1 era capit\u00e3o da equipa fruto da sua experi\u00eancia e conduta. Nesse ano surgiu Abrantes Mendes, ainda muito jovem, para lhe fazer concorr\u00eancia e em 1926\/27 perdeu definitivamente o lugar para o novo e muito talentoso colega de equipa. Alinhou pela \u00faltima vez a 20 de Fevereiro de 1927 num Imp\u00e9rio-Sporting (1-1) para o Regional.<\/p>\n<p>No total jogou 10 temporadas na categoria principal do Futebol do Sporting conquistando 1 Campeonato de Portugal e 4 Campeonatos Regionais. Foi um dos futebolistas hist\u00f3ricos leoninos, fazendo parte da equipa que conquistou pela 1\u00aa vez um t\u00edtulo nacional.<\/p>\n<p>Mais tarde colaborou em algumas equipas dirigentes do clube, destacando-se sobretudo por ser frontalmente contra o profissionalismo que pouco a pouco se foi instalando.<\/p>\n<div class=\"tweetthis\" style=\"text-align:left;\"><p> <a target=\"_blank\" rel=\"nofollow\" class=\"tt\" href=\"http:\/\/twitter.com\/home\/?status=Torres+Pereira+https%3A%2F%2Fis.gd%2FFmM2ff\" title=\"Post to Twitter\"><img decoding=\"async\" class=\"nothumb\" src=\"http:\/\/www.sportingcanal.com\/wp-content\/plugins\/tweet-this\/icons\/en\/twitter\/tt-twitter6.png\" alt=\"Post to Twitter\" \/><\/a><\/p><\/div>","protected":false},"excerpt":{"rendered":"<p>Alfredo Torres Pereira nasceu a 3 de Outubro de 1896 em Lisboa. Come\u00e7ou a jogar futebol bem cedo, ingressando no Sporting em 1914 para as categorias inferiores.\u00a0Estreou-se na categoria principal na temporada 1917\/18 e logo na sua posi\u00e7\u00e3o de sempre &#8211; extremo-direito. Desde essa altura, e durante longos anos, foi o \u201cdono do lugar\u201d, assumindo-se [&hellip;]<\/p>\n","protected":false},"author":1,"featured_media":38976,"comment_status":"open","ping_status":"open","sticky":false,"template":"","format":"standard","meta":{"_et_pb_use_builder":"","_et_pb_old_content":"","_et_gb_content_width":"","footnotes":""},"categories":[13],"tags":[66,56,8],"_links":{"self":[{"href":"https:\/\/www.sportingcanal.com\/index.php?rest_route=\/wp\/v2\/posts\/6249"}],"collection":[{"href":"https:\/\/www.sportingcanal.com\/index.php?rest_route=\/wp\/v2\/posts"}],"about":[{"href":"https:\/\/www.sportingcanal.com\/index.php?rest_route=\/wp\/v2\/types\/post"}],"author":[{"embeddable":true,"href":"https:\/\/www.sportingcanal.com\/index.php?rest_route=\/wp\/v2\/users\/1"}],"replies":[{"embeddable":true,"href":"https:\/\/www.sportingcanal.com\/index.php?rest_route=%2Fwp%2Fv2%2Fcomments&post=6249"}],"version-history":[{"count":27,"href":"https:\/\/www.sportingcanal.com\/index.php?rest_route=\/wp\/v2\/posts\/6249\/revisions"}],"predecessor-version":[{"id":38977,"href":"https:\/\/www.sportingcanal.com\/index.php?rest_route=\/wp\/v2\/posts\/6249\/revisions\/38977"}],"wp:featuredmedia":[{"embeddable":true,"href":"https:\/\/www.sportingcanal.com\/index.php?rest_route=\/wp\/v2\/media\/38976"}],"wp:attachment":[{"href":"https:\/\/www.sportingcanal.com\/index.php?rest_route=%2Fwp%2Fv2%2Fmedia&parent=6249"}],"wp:term":[{"taxonomy":"category","embeddable":true,"href":"https:\/\/www.sportingcanal.com\/index.php?rest_route=%2Fwp%2Fv2%2Fcategories&post=6249"},{"taxonomy":"post_tag","embeddable":true,"href":"https:\/\/www.sportingcanal.com\/index.php?rest_route=%2Fwp%2Fv2%2Ftags&post=6249"}],"curies":[{"name":"wp","href":"https:\/\/api.w.org\/{rel}","templated":true}]}}