{"id":6268,"date":"2025-08-21T17:05:53","date_gmt":"2025-08-21T16:05:53","guid":{"rendered":"http:\/\/www.sportingcanal.com\/?p=6268"},"modified":"2025-08-21T12:48:18","modified_gmt":"2025-08-21T11:48:18","slug":"paulo-guerra-o-rei-da-lama","status":"publish","type":"post","link":"https:\/\/www.sportingcanal.com\/?p=6268","title":{"rendered":"Paulo Guerra \u2013 \u201cO rei da lama\u201d"},"content":{"rendered":"<p>Paulo Alexandre Martins Guerra nasceu a 21 de Agosto de 1970 em Barrancos (Alentejo). \u00a0A sua paix\u00e3o pelo Atletismo come\u00e7ou cedo, e o seu 1\u00ba clube foi o da terra \u2013 Barrancos Futebol Clube. Mais tarde esteve no Grupo Desportivo Diana (1988) e no Arraiolense (1989).<\/p>\n<p>Representou Portugal pela 1\u00aa vez no Campeonato Europeu de \u00a0Crosse (Juniores) em Stavanger, tendo obtido o 34\u00ba lugar.<\/p>\n<p>Ingressou no Sporting em finais de 1990. Em Mar\u00e7o de 1991 ajudou os le\u00f5es a vencer o Campeonato Nacional de Crosse com um 12\u00ba lugar. Numa altura em que o g\u00e9meos Castro estavam no auge da sua forma, Guerra come\u00e7ava praticamente na \u201calta roda\u201d. Orientado por homens como Moniz Pereira, Bernardo Manuel e Rafael Marques, sagrou-se Campe\u00e3o Regional de Crosse em Janeiro de 1993, e essa foi a 1\u00aa vez que deu realmente nas vistas de verde e branco. Na Ta\u00e7a dos Campe\u00f5es Europeus ficou num magn\u00edfico 4\u00ba lugar ajudando os le\u00f5es a sagrarem-se campe\u00f5es pela 13\u00aa vez. No Nacional ficou em 5\u00ba e o coletivo leonino voltou a vencer.<\/p>\n<p>Ap\u00f3s 3 anos em claro crescendo ao servi\u00e7o do Sporting surgiu a not\u00edcia inesperada em Setembro de 1993 &#8211; \u00a0Paulo Guerra rescindiu contrato com os le\u00f5es e assinou pelo Maratona Clube de Portugal. Afirmou na altura que: \u201cA transfer\u00eancia n\u00e3o se efetuou por dinheiro, apesar de ir receber um pouco mais, mas sim para que o pagamento do meu sal\u00e1rio n\u00e3o esteja dependente das receitas do Futebol\u2026\u201d<\/p>\n<p>Pelos maratonistas consolidou uma carreira de sucesso. Foi tetra-campe\u00e3o europeu de Crosse (1994, 1995, 1999 e 2000) e conseguiu um 3\u00ba lugar no Mundial de 1999. A n\u00edvel nacional foi campe\u00e3o por 4 vezes. Em pista foi tamb\u00e9m campe\u00e3o nacional dos 10.000 metros em 1994 e 1995.<\/p>\n<p>Em 1999 foi distinguido com a \u201cMedalha Ol\u00edmpica Nobre Guedes\u201d.\u00a0Pela sua excelente carreira na especialidade de corta-mato ficou conhecido como \u201cO rei da lama\u201d. Depois de deixar o Atletismo tornou-se empres\u00e1rio.<\/p>\n<div class=\"tweetthis\" style=\"text-align:left;\"><p> <a target=\"_blank\" rel=\"nofollow\" class=\"tt\" href=\"http:\/\/twitter.com\/home\/?status=Paulo+Guerra+%E2%80%93+%E2%80%9CO+rei+da+lama%E2%80%9D+https%3A%2F%2Fis.gd%2Fzpi1iq\" title=\"Post to Twitter\"><img decoding=\"async\" class=\"nothumb\" src=\"http:\/\/www.sportingcanal.com\/wp-content\/plugins\/tweet-this\/icons\/en\/twitter\/tt-twitter6.png\" alt=\"Post to Twitter\" \/><\/a><\/p><\/div>","protected":false},"excerpt":{"rendered":"<p>Paulo Alexandre Martins Guerra nasceu a 21 de Agosto de 1970 em Barrancos (Alentejo). \u00a0A sua paix\u00e3o pelo Atletismo come\u00e7ou cedo, e o seu 1\u00ba clube foi o da terra \u2013 Barrancos Futebol Clube. Mais tarde esteve no Grupo Desportivo Diana (1988) e no Arraiolense (1989). Representou Portugal pela 1\u00aa vez no Campeonato Europeu de [&hellip;]<\/p>\n","protected":false},"author":1,"featured_media":38538,"comment_status":"open","ping_status":"open","sticky":false,"template":"","format":"standard","meta":{"_et_pb_use_builder":"","_et_pb_old_content":"","_et_gb_content_width":"","footnotes":""},"categories":[63],"tags":[21],"_links":{"self":[{"href":"https:\/\/www.sportingcanal.com\/index.php?rest_route=\/wp\/v2\/posts\/6268"}],"collection":[{"href":"https:\/\/www.sportingcanal.com\/index.php?rest_route=\/wp\/v2\/posts"}],"about":[{"href":"https:\/\/www.sportingcanal.com\/index.php?rest_route=\/wp\/v2\/types\/post"}],"author":[{"embeddable":true,"href":"https:\/\/www.sportingcanal.com\/index.php?rest_route=\/wp\/v2\/users\/1"}],"replies":[{"embeddable":true,"href":"https:\/\/www.sportingcanal.com\/index.php?rest_route=%2Fwp%2Fv2%2Fcomments&post=6268"}],"version-history":[{"count":20,"href":"https:\/\/www.sportingcanal.com\/index.php?rest_route=\/wp\/v2\/posts\/6268\/revisions"}],"predecessor-version":[{"id":38539,"href":"https:\/\/www.sportingcanal.com\/index.php?rest_route=\/wp\/v2\/posts\/6268\/revisions\/38539"}],"wp:featuredmedia":[{"embeddable":true,"href":"https:\/\/www.sportingcanal.com\/index.php?rest_route=\/wp\/v2\/media\/38538"}],"wp:attachment":[{"href":"https:\/\/www.sportingcanal.com\/index.php?rest_route=%2Fwp%2Fv2%2Fmedia&parent=6268"}],"wp:term":[{"taxonomy":"category","embeddable":true,"href":"https:\/\/www.sportingcanal.com\/index.php?rest_route=%2Fwp%2Fv2%2Fcategories&post=6268"},{"taxonomy":"post_tag","embeddable":true,"href":"https:\/\/www.sportingcanal.com\/index.php?rest_route=%2Fwp%2Fv2%2Ftags&post=6268"}],"curies":[{"name":"wp","href":"https:\/\/api.w.org\/{rel}","templated":true}]}}