{"id":627,"date":"2025-12-22T09:00:14","date_gmt":"2025-12-22T08:00:14","guid":{"rendered":"http:\/\/www.sportingcanal.com\/?p=627"},"modified":"2025-12-23T12:12:00","modified_gmt":"2025-12-23T11:12:00","slug":"albano","status":"publish","type":"post","link":"https:\/\/www.sportingcanal.com\/?p=627","title":{"rendered":"Albano"},"content":{"rendered":"<p>Albano Pereira nasceu a 22 de Dezembro de 1922\u00a0no Seixal .\u00a0Come\u00e7ou a jogar \u00e0 bola com os amigos de inf\u00e2ncia e ainda muito jovem foi para o clube da sua terra. Passou depois para o Barreirense, voltou ao Seixal, e j\u00e1 como senior ingressou no Sporting por 20 contos.<\/p>\n<p>Estreou-se pelos le\u00f5es no dia 12 de Setembro de 1943 num amig\u00e1vel frente ao GD F\u00f3sforos (2-0), mas a sua \u201cprova de fogo\u201d surgiu com o in\u00edcio do Campeonato Nacional, em cuja 2\u00aa jornada, a 26 de Setembro, se estreou a marcar oficialmente com a camisola verde e branca frente ao Atl\u00e9tico CP (4-3).<\/p>\n<p>Foi considerado a grande revela\u00e7\u00e3o da \u00e9poca e durante muitos anos ficou dono da \u201cextrema esquerda\u201d. Muito baixinho (por isso os companheiros lhe chamavam \u201cpil\u00f3\u201d), tinha uma velocidade e facilidade de drible impressionantes. Criativo e imprevis\u00edvel como futebolista era, por outro lado, important\u00edssimo no grupo sportinguista, pois sendo dos mais brincalh\u00f5es fazia da disciplina ponto de honra nunca contestando o facto de uma ou outra vez ficar de fora da equipa.<\/p>\n<p>A partir da \u00e9poca 1946\/47 (com as estreias de Vasques e Travassos) fez parte do famoso quinteto atacante denominado \u201cCinco Violinos\u201d que se manteve apenas por 3 \u00e9pocas (devido ao abandono de <a href=\"http:\/\/www.sportingcanal.com\/?p=871\">Peyroteo<\/a>) mas que ficou para sempre na Hist\u00f3ria do Futebol portugu\u00eas como a sua forma\u00e7\u00e3o avan\u00e7ada mais tem\u00edvel.<\/p>\n<p>Jogou no Sporting at\u00e9 1957, tendo a sua festa de homenagem sido realizada a 30 de Junho com um Sporting-FC Porto (3-2).<\/p>\n<p>No total fez 14 \u00e9pocas no clube tendo marcado 149 golos em 326 jogos oficiais.<\/p>\n<p>Venceu 8 Campeonatos Nacionais (o melhor, a par de Travassos e Vasques), 4 Ta\u00e7as de Portugal e 2 Regionais lisboetas.<\/p>\n<p>Foi 15 vezes internacional e Pr\u00e9mio Stromp na categoria &#8220;Saudade&#8221; em 1998, para al\u00e9m de ter recebido outras distin\u00e7\u00f5es a n\u00edvel associativo.<\/p>\n<p>Morreu a 6 de Mar\u00e7o de 1990.<\/p>\n<table border=\"1\" width=\"413\" cellspacing=\"0\" cellpadding=\"0\">\n<tbody>\n<tr>\n<td colspan=\"7\" valign=\"top\" width=\"413\"><strong>GOLOS de ALBANO ao servi\u00e7o do SPORTING<\/strong><\/td>\n<\/tr>\n<tr>\n<td valign=\"top\" width=\"73\">\u00c9POCA<\/td>\n<td valign=\"top\" width=\"57\">TC<\/td>\n<td valign=\"top\" width=\"57\">TL<\/td>\n<td valign=\"top\" width=\"57\">CN<\/td>\n<td valign=\"top\" width=\"57\">TP<\/td>\n<td valign=\"top\" width=\"57\">CR<\/td>\n<td valign=\"top\" width=\"57\">TOTAL<\/td>\n<\/tr>\n<tr>\n<td valign=\"top\" width=\"73\">1943\/44<\/td>\n<td valign=\"top\" width=\"57\">&#8211;<\/td>\n<td valign=\"top\" width=\"57\">&#8211;<\/td>\n<td valign=\"top\" width=\"57\">9<\/td>\n<td valign=\"top\" width=\"57\">2<\/td>\n<td valign=\"top\" width=\"57\">5<\/td>\n<td valign=\"top\" width=\"57\">16<\/td>\n<\/tr>\n<tr>\n<td valign=\"top\" width=\"73\">1944\/45<\/td>\n<td valign=\"top\" width=\"57\">&#8211;<\/td>\n<td valign=\"top\" width=\"57\">&#8211;<\/td>\n<td valign=\"top\" width=\"57\">7<\/td>\n<td valign=\"top\" width=\"57\">4<\/td>\n<td valign=\"top\" width=\"57\">2<\/td>\n<td valign=\"top\" width=\"57\">13<\/td>\n<\/tr>\n<tr>\n<td valign=\"top\" width=\"73\">1945\/46<\/td>\n<td valign=\"top\" width=\"57\">&#8211;<\/td>\n<td valign=\"top\" width=\"57\">&#8211;<\/td>\n<td valign=\"top\" width=\"57\">6<\/td>\n<td valign=\"top\" width=\"57\">1<\/td>\n<td valign=\"top\" width=\"57\">4<\/td>\n<td valign=\"top\" width=\"57\">11<\/td>\n<\/tr>\n<tr>\n<td valign=\"top\" width=\"73\">1946\/47<\/td>\n<td valign=\"top\" width=\"57\">&#8211;<\/td>\n<td valign=\"top\" width=\"57\">&#8211;<\/td>\n<td valign=\"top\" width=\"57\">16<\/td>\n<td valign=\"top\" width=\"57\">&#8211;<\/td>\n<td valign=\"top\" width=\"57\">2<\/td>\n<td valign=\"top\" width=\"57\">18<\/td>\n<\/tr>\n<tr>\n<td valign=\"top\" width=\"73\">1947\/48<\/td>\n<td valign=\"top\" width=\"57\">&#8211;<\/td>\n<td valign=\"top\" width=\"57\">&#8211;<\/td>\n<td valign=\"top\" width=\"57\">11<\/td>\n<td valign=\"top\" width=\"57\">4<\/td>\n<td valign=\"top\" width=\"57\">&#8211;<\/td>\n<td valign=\"top\" width=\"57\">15<\/td>\n<\/tr>\n<tr>\n<td valign=\"top\" width=\"73\">1948\/49<\/td>\n<td valign=\"top\" width=\"57\">&#8211;<\/td>\n<td valign=\"top\" width=\"57\">0<\/td>\n<td valign=\"top\" width=\"57\">12<\/td>\n<td valign=\"top\" width=\"57\">0<\/td>\n<td valign=\"top\" width=\"57\">&#8211;<\/td>\n<td valign=\"top\" width=\"57\">12<\/td>\n<\/tr>\n<tr>\n<td valign=\"top\" width=\"73\">1949\/50<\/td>\n<td valign=\"top\" width=\"57\">&#8211;<\/td>\n<td valign=\"top\" width=\"57\">&#8211;<\/td>\n<td valign=\"top\" width=\"57\">9<\/td>\n<td valign=\"top\" width=\"57\">&#8211;<\/td>\n<td valign=\"top\" width=\"57\">&#8211;<\/td>\n<td valign=\"top\" width=\"57\">9<\/td>\n<\/tr>\n<tr>\n<td valign=\"top\" width=\"73\">1950\/51<\/td>\n<td valign=\"top\" width=\"57\">&#8211;<\/td>\n<td valign=\"top\" width=\"57\">0<\/td>\n<td valign=\"top\" width=\"57\">4<\/td>\n<td valign=\"top\" width=\"57\">0<\/td>\n<td valign=\"top\" width=\"57\">&#8211;<\/td>\n<td valign=\"top\" width=\"57\">4<\/td>\n<\/tr>\n<tr>\n<td valign=\"top\" width=\"73\">1951\/52<\/td>\n<td valign=\"top\" width=\"57\">&#8211;<\/td>\n<td valign=\"top\" width=\"57\">1<\/td>\n<td valign=\"top\" width=\"57\">13<\/td>\n<td valign=\"top\" width=\"57\">5<\/td>\n<td valign=\"top\" width=\"57\">&#8211;<\/td>\n<td valign=\"top\" width=\"57\">19<\/td>\n<\/tr>\n<tr>\n<td valign=\"top\" width=\"73\">1952\/53<\/td>\n<td valign=\"top\" width=\"57\">&#8211;<\/td>\n<td valign=\"top\" width=\"57\">0<\/td>\n<td valign=\"top\" width=\"57\">19<\/td>\n<td valign=\"top\" width=\"57\">1<\/td>\n<td valign=\"top\" width=\"57\">&#8211;<\/td>\n<td valign=\"top\" width=\"57\">20<\/td>\n<\/tr>\n<tr>\n<td valign=\"top\" width=\"73\">1953\/54<\/td>\n<td valign=\"top\" width=\"57\">&#8211;<\/td>\n<td valign=\"top\" width=\"57\">&#8211;<\/td>\n<td valign=\"top\" width=\"57\">1<\/td>\n<td valign=\"top\" width=\"57\">3<\/td>\n<td valign=\"top\" width=\"57\">&#8211;<\/td>\n<td valign=\"top\" width=\"57\">4<\/td>\n<\/tr>\n<tr>\n<td valign=\"top\" width=\"73\">1954\/55<\/td>\n<td valign=\"top\" width=\"57\">&#8211;<\/td>\n<td valign=\"top\" width=\"57\">&#8211;<\/td>\n<td valign=\"top\" width=\"57\">8<\/td>\n<td valign=\"top\" width=\"57\">0<\/td>\n<td valign=\"top\" width=\"57\">&#8211;<\/td>\n<td valign=\"top\" width=\"57\">8<\/td>\n<\/tr>\n<tr>\n<td valign=\"top\" width=\"73\">1955\/56<\/td>\n<td valign=\"top\" width=\"57\">0<\/td>\n<td valign=\"top\" width=\"57\">&#8211;<\/td>\n<td valign=\"top\" width=\"57\">0<\/td>\n<td valign=\"top\" width=\"57\">0<\/td>\n<td valign=\"top\" width=\"57\">&#8211;<\/td>\n<td valign=\"top\" width=\"57\">0<\/td>\n<\/tr>\n<tr>\n<td valign=\"top\" width=\"73\"><strong>Total<\/strong><\/td>\n<td valign=\"top\" width=\"57\"><strong>0<\/strong><\/td>\n<td valign=\"top\" width=\"57\"><strong>1<\/strong><\/td>\n<td valign=\"top\" width=\"57\"><strong>115<\/strong><\/td>\n<td valign=\"top\" width=\"57\"><strong>20<\/strong><\/td>\n<td valign=\"top\" width=\"57\"><strong>13<\/strong><\/td>\n<td valign=\"top\" width=\"57\"><strong>149<\/strong><\/td>\n<\/tr>\n<\/tbody>\n<\/table>\n<div class=\"tweetthis\" style=\"text-align:left;\"><p> <a target=\"_blank\" rel=\"nofollow\" class=\"tt\" href=\"http:\/\/twitter.com\/home\/?status=Albano+https%3A%2F%2Fis.gd%2FsYAjh9\" title=\"Post to Twitter\"><img decoding=\"async\" class=\"nothumb\" src=\"http:\/\/www.sportingcanal.com\/wp-content\/plugins\/tweet-this\/icons\/en\/twitter\/tt-twitter6.png\" alt=\"Post to Twitter\" \/><\/a><\/p><\/div>","protected":false},"excerpt":{"rendered":"<p>Albano Pereira nasceu a 22 de Dezembro de 1922\u00a0no Seixal .\u00a0Come\u00e7ou a jogar \u00e0 bola com os amigos de inf\u00e2ncia e ainda muito jovem foi para o clube da sua terra. Passou depois para o Barreirense, voltou ao Seixal, e j\u00e1 como senior ingressou no Sporting por 20 contos. Estreou-se pelos le\u00f5es no dia 12 [&hellip;]<\/p>\n","protected":false},"author":1,"featured_media":628,"comment_status":"open","ping_status":"open","sticky":false,"template":"","format":"standard","meta":{"_et_pb_use_builder":"","_et_pb_old_content":"","_et_gb_content_width":"","footnotes":""},"categories":[13],"tags":[151,66,8],"_links":{"self":[{"href":"https:\/\/www.sportingcanal.com\/index.php?rest_route=\/wp\/v2\/posts\/627"}],"collection":[{"href":"https:\/\/www.sportingcanal.com\/index.php?rest_route=\/wp\/v2\/posts"}],"about":[{"href":"https:\/\/www.sportingcanal.com\/index.php?rest_route=\/wp\/v2\/types\/post"}],"author":[{"embeddable":true,"href":"https:\/\/www.sportingcanal.com\/index.php?rest_route=\/wp\/v2\/users\/1"}],"replies":[{"embeddable":true,"href":"https:\/\/www.sportingcanal.com\/index.php?rest_route=%2Fwp%2Fv2%2Fcomments&post=627"}],"version-history":[{"count":28,"href":"https:\/\/www.sportingcanal.com\/index.php?rest_route=\/wp\/v2\/posts\/627\/revisions"}],"predecessor-version":[{"id":39404,"href":"https:\/\/www.sportingcanal.com\/index.php?rest_route=\/wp\/v2\/posts\/627\/revisions\/39404"}],"wp:featuredmedia":[{"embeddable":true,"href":"https:\/\/www.sportingcanal.com\/index.php?rest_route=\/wp\/v2\/media\/628"}],"wp:attachment":[{"href":"https:\/\/www.sportingcanal.com\/index.php?rest_route=%2Fwp%2Fv2%2Fmedia&parent=627"}],"wp:term":[{"taxonomy":"category","embeddable":true,"href":"https:\/\/www.sportingcanal.com\/index.php?rest_route=%2Fwp%2Fv2%2Fcategories&post=627"},{"taxonomy":"post_tag","embeddable":true,"href":"https:\/\/www.sportingcanal.com\/index.php?rest_route=%2Fwp%2Fv2%2Ftags&post=627"}],"curies":[{"name":"wp","href":"https:\/\/api.w.org\/{rel}","templated":true}]}}