{"id":6277,"date":"2025-08-24T09:00:04","date_gmt":"2025-08-24T08:00:04","guid":{"rendered":"http:\/\/www.sportingcanal.com\/?p=6277"},"modified":"2025-08-24T13:46:06","modified_gmt":"2025-08-24T12:46:06","slug":"1941-sporting-e-francisco-inacio-ganharam-a-volta-a-portugal-em-bicicleta","status":"publish","type":"post","link":"https:\/\/www.sportingcanal.com\/?p=6277","title":{"rendered":"1941 \u2013 Sporting e Francisco In\u00e1cio ganharam a Volta a Portugal em bicicleta"},"content":{"rendered":"<p>24 de Agosto de 1941. Nesse dia terminou (no Porto) a Volta a Portugal em bicicleta, coroando o sportinguista Francisco In\u00e1cio como brilhante vencedor e o coletivo leonino com o melhor em compita.<\/p>\n<p>In\u00e1cio tinha pouco mais de 1 ano como ciclista independente, era muito robusto, nenhum outro corredor dava tanta impress\u00e3o de for\u00e7a e poder. Lutador, com brio, tenacidade e coragem, assumia-se como um dos melhores ciclistas portugueses de todos os tempos.<\/p>\n<p>No 4\u00ba dia da corrida conquistou a camisola amarela ao seu colega de equipa Fa\u00edsca num contra-rel\u00f3gio de Santiago do Cac\u00e9m para Ferreira do Alentejo e nunca mais a despiu. Suportou depois os ataques impetuosos de Fa\u00edsca. Sem ser brilhante foi pr\u00e1tico: \u201cEra o meu maior desejo vencer esta prova. Preparei-me com afinco e entusiasmo e fiz o que me era poss\u00edvel para chegar ao Porto como vencedor. Aproveitei o contra-rel\u00f3gio para atacar (foi fant\u00e1stico), a sorte favoreceu-me\u201d.<\/p>\n<p>Segundo o jornal \u201cOs Sports\u201d: \u201cIn\u00e1cio at\u00e9 parecia outro, estava diferente. O rapaz calado e concentrado estava agora com o rosto iluminado e o seu sorriso abria-se como nunca\u201d:\u00a0\u201cO Fa\u00edsca n\u00e3o me deu um momento de repouso. Os seus golpes foram os mais dif\u00edceis de suportar e confesso que enquanto n\u00e3o sa\u00edmos da montanha n\u00e3o descansei\u201d.<\/p>\n<p>Com a m\u00e9dia de 31,082km\/h, In\u00e1cio bateu o recorde da prova. Fa\u00edsca foi 4\u00ba, Jo\u00e3o Louren\u00e7o 5\u00ba (venceu 10 das 24 etapas disputadas batendo um recorde que perdura) e Ant\u00f3nio Duarte 10\u00ba. Coletivamente os le\u00f5es tamb\u00e9m triunfaram.<\/p>\n<p>N\u00e3o poder\u00e1 ficar sem men\u00e7\u00e3o o facto de, nesse ano de 1941, o Sporting ter ganho individual e coletivamente todas as provas velocip\u00e9dicas em que participou!<\/p>\n<p>Para al\u00e9m da Volta a Portugal, Francisco In\u00e1cio venceu o Distrital de Crosse Ciclo-Pedestre, os 100km (contra-rel\u00f3gio) da UVP, o Campeonato Nacional de fundo, o Circuito da Foz do Douro, o &#8220;Porto-Lisboa&#8221;, o &#8220;Lisboa-Ericeira&#8221;, a 1\u00aa Subida do Vale de St\u00ba Ant\u00f3nio e o Circuito da Mealhada.\u00a0Lu\u00eds Longo triunfou nos 50km da UVP e no Distrital de fundo.\u00a0Jo\u00e3o Louren\u00e7o venceu os 100km da UVP e o 2\u00ba Circuito da Bairrada, enquanto\u00a0Jos\u00e9 Albuquerque (Faisca) foi o melhor no Grande Pr\u00e9mio da Anadia.<\/p>\n<div class=\"tweetthis\" style=\"text-align:left;\"><p> <a target=\"_blank\" rel=\"nofollow\" class=\"tt\" href=\"http:\/\/twitter.com\/home\/?status=1941+%E2%80%93+Sporting+e+Francisco+In%C3%A1cio+ganharam+a+Volta+a+Portugal+em+bicicleta+https%3A%2F%2Fis.gd%2FIoerMI\" title=\"Post to Twitter\"><img decoding=\"async\" class=\"nothumb\" src=\"http:\/\/www.sportingcanal.com\/wp-content\/plugins\/tweet-this\/icons\/en\/twitter\/tt-twitter6.png\" alt=\"Post to Twitter\" \/><\/a><\/p><\/div>","protected":false},"excerpt":{"rendered":"<p>24 de Agosto de 1941. Nesse dia terminou (no Porto) a Volta a Portugal em bicicleta, coroando o sportinguista Francisco In\u00e1cio como brilhante vencedor e o coletivo leonino com o melhor em compita. In\u00e1cio tinha pouco mais de 1 ano como ciclista independente, era muito robusto, nenhum outro corredor dava tanta impress\u00e3o de for\u00e7a e [&hellip;]<\/p>\n","protected":false},"author":1,"featured_media":38564,"comment_status":"open","ping_status":"open","sticky":false,"template":"","format":"standard","meta":{"_et_pb_use_builder":"","_et_pb_old_content":"","_et_gb_content_width":"","footnotes":""},"categories":[17],"tags":[29],"_links":{"self":[{"href":"https:\/\/www.sportingcanal.com\/index.php?rest_route=\/wp\/v2\/posts\/6277"}],"collection":[{"href":"https:\/\/www.sportingcanal.com\/index.php?rest_route=\/wp\/v2\/posts"}],"about":[{"href":"https:\/\/www.sportingcanal.com\/index.php?rest_route=\/wp\/v2\/types\/post"}],"author":[{"embeddable":true,"href":"https:\/\/www.sportingcanal.com\/index.php?rest_route=\/wp\/v2\/users\/1"}],"replies":[{"embeddable":true,"href":"https:\/\/www.sportingcanal.com\/index.php?rest_route=%2Fwp%2Fv2%2Fcomments&post=6277"}],"version-history":[{"count":20,"href":"https:\/\/www.sportingcanal.com\/index.php?rest_route=\/wp\/v2\/posts\/6277\/revisions"}],"predecessor-version":[{"id":38565,"href":"https:\/\/www.sportingcanal.com\/index.php?rest_route=\/wp\/v2\/posts\/6277\/revisions\/38565"}],"wp:featuredmedia":[{"embeddable":true,"href":"https:\/\/www.sportingcanal.com\/index.php?rest_route=\/wp\/v2\/media\/38564"}],"wp:attachment":[{"href":"https:\/\/www.sportingcanal.com\/index.php?rest_route=%2Fwp%2Fv2%2Fmedia&parent=6277"}],"wp:term":[{"taxonomy":"category","embeddable":true,"href":"https:\/\/www.sportingcanal.com\/index.php?rest_route=%2Fwp%2Fv2%2Fcategories&post=6277"},{"taxonomy":"post_tag","embeddable":true,"href":"https:\/\/www.sportingcanal.com\/index.php?rest_route=%2Fwp%2Fv2%2Ftags&post=6277"}],"curies":[{"name":"wp","href":"https:\/\/api.w.org\/{rel}","templated":true}]}}