{"id":6393,"date":"2025-08-25T09:00:11","date_gmt":"2025-08-25T08:00:11","guid":{"rendered":"http:\/\/www.sportingcanal.com\/?p=6393"},"modified":"2025-08-25T23:12:31","modified_gmt":"2025-08-25T22:12:31","slug":"1968-7%c2%ba-triunfo-colectivo-na-volta-a-portugal-em-bicicleta","status":"publish","type":"post","link":"https:\/\/www.sportingcanal.com\/?p=6393","title":{"rendered":"1968 \u2013 7\u00ba triunfo colectivo na Volta a Portugal em bicicleta"},"content":{"rendered":"<p>25 de Agosto de 1968. Nesse dia terminou a Volta a Portugal em bicicleta, que o Sporting voltou a vencer coletivamente (pela 7\u00aa vez), tendo <a href=\"http:\/\/www.sportingcanal.com\/?p=1442\">Joaquim Agostinho<\/a> (na estreia) sido o melhor da equipa ao obter um 2\u00ba lugar que espantou o pa\u00eds. Dizia-se j\u00e1 por esses dias que Agostinho era uma for\u00e7a da natureza como nunca se vira no Ciclismo nacional. O le\u00e3o chegou a andar de amarelo e ganhou 18.200$ na competi\u00e7\u00e3o. O \u201ccampe\u00e3o do dinheiro\u201d foi, contudo, Leonel Miranda (outro sportinguista, que se classificou no 3\u00ba lugar) &#8211; para casa levou 42.500$.<\/p>\n<p>O vencedor individual da Volta foi o benfiquista Am\u00e9rico Silva.<\/p>\n<p>Foto: Carro de apoio \u00e0 equipa do Sporting.<\/p>\n<div class=\"tweetthis\" style=\"text-align:left;\"><p> <a target=\"_blank\" rel=\"nofollow\" class=\"tt\" href=\"http:\/\/twitter.com\/home\/?status=1968+%E2%80%93+7%C2%BA+triunfo+colectivo+na+Volta+a+Portugal+em+bicicleta+https%3A%2F%2Fis.gd%2FPgN6mV\" title=\"Post to Twitter\"><img decoding=\"async\" class=\"nothumb\" src=\"http:\/\/www.sportingcanal.com\/wp-content\/plugins\/tweet-this\/icons\/en\/twitter\/tt-twitter6.png\" alt=\"Post to Twitter\" \/><\/a><\/p><\/div>","protected":false},"excerpt":{"rendered":"<p>25 de Agosto de 1968. Nesse dia terminou a Volta a Portugal em bicicleta, que o Sporting voltou a vencer coletivamente (pela 7\u00aa vez), tendo Joaquim Agostinho (na estreia) sido o melhor da equipa ao obter um 2\u00ba lugar que espantou o pa\u00eds. Dizia-se j\u00e1 por esses dias que Agostinho era uma for\u00e7a da natureza [&hellip;]<\/p>\n","protected":false},"author":1,"featured_media":38574,"comment_status":"open","ping_status":"open","sticky":false,"template":"","format":"standard","meta":{"_et_pb_use_builder":"","_et_pb_old_content":"","_et_gb_content_width":"","footnotes":""},"categories":[17],"tags":[29],"_links":{"self":[{"href":"https:\/\/www.sportingcanal.com\/index.php?rest_route=\/wp\/v2\/posts\/6393"}],"collection":[{"href":"https:\/\/www.sportingcanal.com\/index.php?rest_route=\/wp\/v2\/posts"}],"about":[{"href":"https:\/\/www.sportingcanal.com\/index.php?rest_route=\/wp\/v2\/types\/post"}],"author":[{"embeddable":true,"href":"https:\/\/www.sportingcanal.com\/index.php?rest_route=\/wp\/v2\/users\/1"}],"replies":[{"embeddable":true,"href":"https:\/\/www.sportingcanal.com\/index.php?rest_route=%2Fwp%2Fv2%2Fcomments&post=6393"}],"version-history":[{"count":21,"href":"https:\/\/www.sportingcanal.com\/index.php?rest_route=\/wp\/v2\/posts\/6393\/revisions"}],"predecessor-version":[{"id":38575,"href":"https:\/\/www.sportingcanal.com\/index.php?rest_route=\/wp\/v2\/posts\/6393\/revisions\/38575"}],"wp:featuredmedia":[{"embeddable":true,"href":"https:\/\/www.sportingcanal.com\/index.php?rest_route=\/wp\/v2\/media\/38574"}],"wp:attachment":[{"href":"https:\/\/www.sportingcanal.com\/index.php?rest_route=%2Fwp%2Fv2%2Fmedia&parent=6393"}],"wp:term":[{"taxonomy":"category","embeddable":true,"href":"https:\/\/www.sportingcanal.com\/index.php?rest_route=%2Fwp%2Fv2%2Fcategories&post=6393"},{"taxonomy":"post_tag","embeddable":true,"href":"https:\/\/www.sportingcanal.com\/index.php?rest_route=%2Fwp%2Fv2%2Ftags&post=6393"}],"curies":[{"name":"wp","href":"https:\/\/api.w.org\/{rel}","templated":true}]}}