{"id":6442,"date":"2025-08-26T08:00:09","date_gmt":"2025-08-26T07:00:09","guid":{"rendered":"http:\/\/www.sportingcanal.com\/?p=6442"},"modified":"2025-08-26T10:42:25","modified_gmt":"2025-08-26T09:42:25","slug":"robert-waseige-tecnico-experiente-que-nao-vingou-em-alvalade","status":"publish","type":"post","link":"https:\/\/www.sportingcanal.com\/?p=6442","title":{"rendered":"Robert Waseige \u2013 T\u00e9cnico experiente que n\u00e3o \u201cvingou\u201d em Alvalade"},"content":{"rendered":"<p>Nasceu a 26 de Agosto de 1939 em Rocourt \u2013 B\u00e9lgica. Como futebolista foi um defesa que representou o FC Li\u00e8ge, Racing White e Winterslag. Neste clube chegou a acumular a fun\u00e7\u00f5es de jogador e treinador, carreira na qual come\u00e7ou em 1971 (e levou o clube da 3\u00aa \u00e0 1\u00aa divis\u00e3o belga). Passou depois por Standard de Li\u00e8ge, Lokeren, FC Li\u00e8ge (onde conquistou uma Ta\u00e7a da B\u00e9lgica) e Charleroi.<\/p>\n<p>Chegou ao Sporting (a sua 1\u00aa experi\u00eancia no estrangeiro) no Ver\u00e3o de 1996 proveniente do Standard Li\u00e8ge, onde regressara em 1994. A sua contrata\u00e7\u00e3o causou alguma estranheza, pois Oct\u00e1vio Machado tinha terminado em bom plano a sua miss\u00e3o como t\u00e9cnico principal na temporada anterior \u2013 o \u201cPalmel\u00e3o\u201d regressou ao posto de adjunto. Por outro lado Waseige (ao que consta uma escolha do diretor desportivo da altura \u2013 Norton de Matos) n\u00e3o era propriamente um t\u00e9cnico titulado, embora tenha feito bons trabalhos em clubes de 2\u00ba plano no seu pa\u00eds.<\/p>\n<p>Estreou-se oficialmente na Maia (a 23 de Agosto), num Espinho-Sporting (1-3) para a 1\u00aa jornada do Campeonato. Os seus primeiros tempos at\u00e9 foram razo\u00e1veis (esteve 7 jogos sem perder e eliminou o Montpellier da Ta\u00e7a UEFA), mas uma derrota em Alvalade frente ao FC Porto, a elimina\u00e7\u00e3o na Europa perante o Metz e as derrotas em Braga e Set\u00fabal fizeram perder a paci\u00eancia aos adeptos, acabando por sair ap\u00f3s um nulo em casa perante a Uni\u00e3o de Leiria (deixando o Sporting no 3\u00ba lugar do Campeonato). Ent\u00e3o foi o seu adjunto, Oct\u00e1vio Machado, a reassumir a equipa.<\/p>\n<p>2 factos avultaram da sua curta passagem por Alvalade: a aposta em Yordanov como defesa-central (que n\u00e3o viria a ter sequ\u00eancia) e o lan\u00e7amento na equipa principal de Beto, que iniciou a\u00ed uma longa e bem sucedida carreira de verde e branco.<\/p>\n<p>Ap\u00f3s a sa\u00edda do Sporting foi de novo para o Charleroi, assumindo depois a Sele\u00e7\u00e3o da B\u00e9lgica antes do Euro 2000 e qualificando-a para o Mundial 2002 (onde chegou \u00e0 2\u00aa fase). Seguiu-se nova passagem pelo Standard de Li\u00e8ge, militando ainda na Sele\u00e7\u00e3o da Arg\u00e9lia e no FC Brussels (onde terminou a carreira em 2005).<\/p>\n<p>Depois dedicou-se aos coment\u00e1rios sobre Futebol na televis\u00e3o do seu pa\u00eds.<\/p>\n<p>Morreu a 17 de Julho de 2019.<\/p>\n<table border=\"1\" width=\"414\" cellspacing=\"0\" cellpadding=\"0\">\n<tbody>\n<tr>\n<td colspan=\"8\" valign=\"top\" width=\"414\"><strong>ROBERT WASEIGE como TREINADOR do SPORTING<\/strong><\/td>\n<\/tr>\n<tr>\n<td valign=\"top\" width=\"68\">\u00c9POCA<\/td>\n<td valign=\"top\" width=\"45\">J<\/td>\n<td valign=\"top\" width=\"45\">V<\/td>\n<td valign=\"top\" width=\"45\">E<\/td>\n<td valign=\"top\" width=\"45\">D<\/td>\n<td valign=\"top\" width=\"53\">GM<\/td>\n<td valign=\"top\" width=\"53\">GS<\/td>\n<td valign=\"top\" width=\"58\">%<\/td>\n<\/tr>\n<tr>\n<td valign=\"top\" width=\"68\">1996\/97<\/td>\n<td valign=\"top\" width=\"45\">16<\/td>\n<td valign=\"top\" width=\"45\">9<\/td>\n<td valign=\"top\" width=\"45\">3<\/td>\n<td valign=\"top\" width=\"45\">4<\/td>\n<td valign=\"top\" width=\"53\">19<\/td>\n<td valign=\"top\" width=\"53\">11<\/td>\n<td valign=\"top\" width=\"58\">65,6<\/td>\n<\/tr>\n<\/tbody>\n<\/table>\n<div class=\"tweetthis\" style=\"text-align:left;\"><p> <a target=\"_blank\" rel=\"nofollow\" class=\"tt\" href=\"http:\/\/twitter.com\/home\/?status=Robert+Waseige+%E2%80%93+T%C3%A9cnico+experiente+que+n%C3%A3o+%E2%80%9Cvingou%E2%80%9D+em+Alvalade+https%3A%2F%2Fis.gd%2FM1xLZO\" title=\"Post to Twitter\"><img decoding=\"async\" class=\"nothumb\" src=\"http:\/\/www.sportingcanal.com\/wp-content\/plugins\/tweet-this\/icons\/en\/twitter\/tt-twitter6.png\" alt=\"Post to Twitter\" \/><\/a><\/p><\/div>","protected":false},"excerpt":{"rendered":"<p>Nasceu a 26 de Agosto de 1939 em Rocourt \u2013 B\u00e9lgica. Como futebolista foi um defesa que representou o FC Li\u00e8ge, Racing White e Winterslag. Neste clube chegou a acumular a fun\u00e7\u00f5es de jogador e treinador, carreira na qual come\u00e7ou em 1971 (e levou o clube da 3\u00aa \u00e0 1\u00aa divis\u00e3o belga). Passou depois por [&hellip;]<\/p>\n","protected":false},"author":1,"featured_media":38582,"comment_status":"open","ping_status":"open","sticky":false,"template":"","format":"standard","meta":{"_et_pb_use_builder":"","_et_pb_old_content":"","_et_gb_content_width":"","footnotes":""},"categories":[63],"tags":[8,27],"_links":{"self":[{"href":"https:\/\/www.sportingcanal.com\/index.php?rest_route=\/wp\/v2\/posts\/6442"}],"collection":[{"href":"https:\/\/www.sportingcanal.com\/index.php?rest_route=\/wp\/v2\/posts"}],"about":[{"href":"https:\/\/www.sportingcanal.com\/index.php?rest_route=\/wp\/v2\/types\/post"}],"author":[{"embeddable":true,"href":"https:\/\/www.sportingcanal.com\/index.php?rest_route=\/wp\/v2\/users\/1"}],"replies":[{"embeddable":true,"href":"https:\/\/www.sportingcanal.com\/index.php?rest_route=%2Fwp%2Fv2%2Fcomments&post=6442"}],"version-history":[{"count":23,"href":"https:\/\/www.sportingcanal.com\/index.php?rest_route=\/wp\/v2\/posts\/6442\/revisions"}],"predecessor-version":[{"id":38583,"href":"https:\/\/www.sportingcanal.com\/index.php?rest_route=\/wp\/v2\/posts\/6442\/revisions\/38583"}],"wp:featuredmedia":[{"embeddable":true,"href":"https:\/\/www.sportingcanal.com\/index.php?rest_route=\/wp\/v2\/media\/38582"}],"wp:attachment":[{"href":"https:\/\/www.sportingcanal.com\/index.php?rest_route=%2Fwp%2Fv2%2Fmedia&parent=6442"}],"wp:term":[{"taxonomy":"category","embeddable":true,"href":"https:\/\/www.sportingcanal.com\/index.php?rest_route=%2Fwp%2Fv2%2Fcategories&post=6442"},{"taxonomy":"post_tag","embeddable":true,"href":"https:\/\/www.sportingcanal.com\/index.php?rest_route=%2Fwp%2Fv2%2Ftags&post=6442"}],"curies":[{"name":"wp","href":"https:\/\/api.w.org\/{rel}","templated":true}]}}