{"id":647,"date":"2025-12-06T09:00:48","date_gmt":"2025-12-06T08:00:48","guid":{"rendered":"http:\/\/www.sportingcanal.com\/?p=647"},"modified":"2025-12-07T00:41:26","modified_gmt":"2025-12-06T23:41:26","slug":"em-1914-o-ciclista-carlos-fernandes-so-soube-ganhar","status":"publish","type":"post","link":"https:\/\/www.sportingcanal.com\/?p=647","title":{"rendered":"1914 &#8211; Vit\u00f3ria de Carlos Fernandes na Ta\u00e7a Portugal, num ano fant\u00e1stico para o ciclista leonino"},"content":{"rendered":"<p><a href=\"http:\/\/www.sportingcanal.com\/wp-content\/uploads\/2010\/12\/ciclismo-carlos-fernandes.png\"><img loading=\"lazy\" decoding=\"async\" class=\"alignleft size-full wp-image-648\" title=\"ciclismo - carlos fernandes\" src=\"http:\/\/www.sportingcanal.com\/wp-content\/uploads\/2010\/12\/ciclismo-carlos-fernandes.png\" alt=\"\" width=\"300\" height=\"300\" srcset=\"https:\/\/www.sportingcanal.com\/wp-content\/uploads\/2010\/12\/ciclismo-carlos-fernandes.png 300w, https:\/\/www.sportingcanal.com\/wp-content\/uploads\/2010\/12\/ciclismo-carlos-fernandes-150x150.png 150w\" sizes=\"(max-width: 300px) 100vw, 300px\" \/><\/a><\/p>\n<p>6 de Dezembro de 1914. Nesse dia realizou-se a 4\u00aa Ta\u00e7a Portugal em Ciclismo, uma prova de grande prest\u00edgio a n\u00edvel nacional, talvez de todas as organizadas entre n\u00f3s, na altura, a que maior entusiasmo despertava. O itiner\u00e1rio contemplava o Mercado Geral de Gados (partida), Lumiar, Amadora, Belas, Algueir\u00e3o, Ericeira, Mafra, Malveira, Venda do Pinheiro, Loures, Lumiar, Campo Grande e Mercado Geral de Gados (chegada). Sporting, Benfica e Lusitano Clube Ciclista foram os emblemas concorrentes, tendo o sportinguista Carlos Fernandes triunfado com grande brilho, totalizando 3h23m.<\/p>\n<p>Ali\u00e1s, nesse ano, Carlos Fernandes impressionou com a quantidade de vit\u00f3rias obtidas, tornando-se praticamente imbat\u00edvel a n\u00edvel nacional.<\/p>\n<p>Tudo come\u00e7ou em Junho, na prova de 30km em volta do Campo Grande organizada pela Uni\u00e3o Velocip\u00e9dica Portuguesa onde uma enorme multid\u00e3o aplaudiu fren\u00e9ticamente os concorrentes. Ap\u00f3s a largada Jo\u00e3o Silva tomou a cabe\u00e7a da prova, tendo conservado a lideran\u00e7a por uma volta, mas um furo obrigou-o a perder muito tempo. Os restantes concorrentes, mostrando uma boa forma, seguiam em pelot\u00e3o. \u00c0 6\u00aa volta, Carlos Fernandes, devido a um furo no pneum\u00e1tico, teve de trocar de m\u00e1quina, o que o fez perder 200 metros que recuperou depois numa bela embalagem. At\u00e9 \u00e0 9\u00aa volta, 7 corredores disputavam ardentemente a vit\u00f3ria, mas ao iniciar-se a \u00faltima, Carlos Fernandes embalou e tomou uns 20 metros de avan\u00e7o aos restantes concorrentes, que foi aumentando, at\u00e9 chegar \u00e0 meta com 100 metros de vantagem do 2\u00ba classificado. Ao terminar a corrida, Carlos Fernandes foi calorosamente aplaudido e com justi\u00e7a, pois fez uma magn\u00edfica corrida. Joaquim Dias Maia, tamb\u00e9m do Sporting foi 6\u00ba classificado. Com a vit\u00f3ria de Carlos Fernandes em 56m48s, o Sporting ficou na posse da Ta\u00e7a oferecida pela Uni\u00e3o Velocip\u00e9dica ao clube a que pertencesse o vencedor. A Cruz Vermelha, que enviou o seu autom\u00f3vel de socorros, prestou relevantes servi\u00e7os, tratando alguns concorrentes que se feriram.<\/p>\n<p>Ainda em Junho surgiu a cl\u00e1ssica de 50km organizada pela Uni\u00e3o Velocip\u00e9dica Portuguesa. A\u00ed Carlos Fernandes tamb\u00e9m venceu categoricamente, batendo o seu grande advers\u00e1rio do dia, o benfiquista Jos\u00e9 Martins, por 39 segundos.<\/p>\n<p>Em Dezembro, com uma boa assist\u00eancia e tempo incerto, foi inaugurada a magn\u00edfica e ampla pista do novo vel\u00f3dromo de Lisboa, constru\u00eddo dentro do magn\u00edfico e imponente recinto do Stadium do Lumiar. A pista era propriedade do Visconde de Alvalade e do seu neto, Jos\u00e9 Alvalade. O espet\u00e1culo inaugural reuniu os melhores ciclistas portugueses em provas de velocidade de bicicletas e motocicletas, tomando parte nestas corredores de Lisboa face a corredores do Porto. Todos eles prometeram atingir velocidades superiores a 100km\/h! As provas foram bem disputadas e palpitantes de interesse, deixando antever um belo ressurgimento para o Ciclismo nacional, que vivia sob alguma crise. A grande surpresa da competi\u00e7\u00e3o (apesar das indica\u00e7\u00f5es anteriores) foi a derrota de Ant\u00f3nio Soares Junior, um dos consagrados, pelo not\u00e1vel \u201croutier\u201d Carlos Fernandes, que ultimamente se salientara em todas as provas em que havia participado. A imprensa da \u00e9poca ressalva, no entanto, que Soares Junior n\u00e3o estava na posse de todas as suas faculdades f\u00edsicas, e que por isso impunha-se uma desforra.<\/p>\n<p>J\u00e1 em fins de Dezembro, \u201cos tempos de gl\u00f3ria voltaram ao Ciclismo\u201d, com uma magn\u00edfica prova no Stadium de Lisboa. Apesar da chuva e do frio, perto de 3.000 pessoas assistiram \u00e0s competi\u00e7\u00f5es, que foram interessantes e bem disputadas. Carlos Fernandes venceu a prova de \u201cScratch Seniors\u201d, a mais importante do cartaz. Ele tomou a lideran\u00e7a da prova logo de in\u00edcio e conservou o lugar at\u00e9 ao momento do esfor\u00e7o final batendo, de novo, Soares Junior. A nova estrela sportinguista triunfou ainda na prova de \u201chandicap\u201d, apesar da luta deseperada de Soares Junior pela \u201cr\u00e9vanche\u201d.<\/p>\n<p>Por todos os motivos, 1914 foi um ano a todos os t\u00edtulos not\u00e1vel para o ciclista sportinguista. Para mais tarde recordar!<\/p>\n<div class=\"tweetthis\" style=\"text-align:left;\"><p> <a target=\"_blank\" rel=\"nofollow\" class=\"tt\" href=\"http:\/\/twitter.com\/home\/?status=1914+%E2%80%93+Vit%C3%B3ria+de+Carlos+Fernandes+na+Ta%C3%A7a+Portugal%2C+num+ano+fant%C3%A1stico+para+o+ciclista+leonino+https%3A%2F%2Fis.gd%2FVTyBR3\" title=\"Post to Twitter\"><img decoding=\"async\" class=\"nothumb\" src=\"http:\/\/www.sportingcanal.com\/wp-content\/plugins\/tweet-this\/icons\/en\/twitter\/tt-twitter6.png\" alt=\"Post to Twitter\" \/><\/a><\/p><\/div>","protected":false},"excerpt":{"rendered":"<p>6 de Dezembro de 1914. Nesse dia realizou-se a 4\u00aa Ta\u00e7a Portugal em Ciclismo, uma prova de grande prest\u00edgio a n\u00edvel nacional, talvez de todas as organizadas entre n\u00f3s, na altura, a que maior entusiasmo despertava. O itiner\u00e1rio contemplava o Mercado Geral de Gados (partida), Lumiar, Amadora, Belas, Algueir\u00e3o, Ericeira, Mafra, Malveira, Venda do Pinheiro, [&hellip;]<\/p>\n","protected":false},"author":1,"featured_media":648,"comment_status":"open","ping_status":"open","sticky":false,"template":"","format":"standard","meta":{"_et_pb_use_builder":"","_et_pb_old_content":"","_et_gb_content_width":"","footnotes":""},"categories":[4],"tags":[29],"_links":{"self":[{"href":"https:\/\/www.sportingcanal.com\/index.php?rest_route=\/wp\/v2\/posts\/647"}],"collection":[{"href":"https:\/\/www.sportingcanal.com\/index.php?rest_route=\/wp\/v2\/posts"}],"about":[{"href":"https:\/\/www.sportingcanal.com\/index.php?rest_route=\/wp\/v2\/types\/post"}],"author":[{"embeddable":true,"href":"https:\/\/www.sportingcanal.com\/index.php?rest_route=\/wp\/v2\/users\/1"}],"replies":[{"embeddable":true,"href":"https:\/\/www.sportingcanal.com\/index.php?rest_route=%2Fwp%2Fv2%2Fcomments&post=647"}],"version-history":[{"count":26,"href":"https:\/\/www.sportingcanal.com\/index.php?rest_route=\/wp\/v2\/posts\/647\/revisions"}],"predecessor-version":[{"id":39346,"href":"https:\/\/www.sportingcanal.com\/index.php?rest_route=\/wp\/v2\/posts\/647\/revisions\/39346"}],"wp:featuredmedia":[{"embeddable":true,"href":"https:\/\/www.sportingcanal.com\/index.php?rest_route=\/wp\/v2\/media\/648"}],"wp:attachment":[{"href":"https:\/\/www.sportingcanal.com\/index.php?rest_route=%2Fwp%2Fv2%2Fmedia&parent=647"}],"wp:term":[{"taxonomy":"category","embeddable":true,"href":"https:\/\/www.sportingcanal.com\/index.php?rest_route=%2Fwp%2Fv2%2Fcategories&post=647"},{"taxonomy":"post_tag","embeddable":true,"href":"https:\/\/www.sportingcanal.com\/index.php?rest_route=%2Fwp%2Fv2%2Ftags&post=647"}],"curies":[{"name":"wp","href":"https:\/\/api.w.org\/{rel}","templated":true}]}}